{"id":5175,"date":"2022-07-29T15:55:50","date_gmt":"2022-07-29T13:55:50","guid":{"rendered":"https:\/\/radarprocess.com\/radar-sera-present-a-andina-pack-del-9-al-12-de-novembre\/"},"modified":"2022-07-29T15:55:50","modified_gmt":"2022-07-29T13:55:50","slug":"radar-sera-present-a-andina-pack-del-9-al-12-de-novembre","status":"publish","type":"post","link":"https:\/\/radarprocess.com\/ca\/radar-sera-present-a-andina-pack-del-9-al-12-de-novembre\/","title":{"rendered":"Radar ser\u00e0 present a Andina Pack del 9 al 12 de Novembre"},"content":{"rendered":"<p>Bogot\u00e0, Col\u00f2mbia.<\/p>\n<p>\u00c9s l&#8217;exhibici\u00f3 internacional de productes, equips i sistemes associats a l&#8217;env\u00e0s, empaquetatge, embalatge i tecnologies de punta per a la ind\u00fastria de processament d&#8217;aliments i begudes, farmac\u00e8utica, cosm\u00e8tica i higiene personal, agroind\u00fastria.<\/p>\n<p>Ens podreu trobar a l&#8217;estand del nostre representant a Col\u00f2mbia, SOLTECAL.<\/p>\n<p>Confiem en poder saludar-vos personalment. Us esperem!<\/p>\n","protected":false},"excerpt":{"rendered":"<p>Bogot\u00e0, Col\u00f2mbia. \u00c9s l&#8217;exhibici\u00f3 internacional de productes, equips i sistemes associats a l&#8217;env\u00e0s, empaquetatge, embalatge i tecnologies de punta per a la ind\u00fastria de processament d&#8217;aliments i begudes, farmac\u00e8utica, cosm\u00e8tica i higiene personal, agroind\u00fastria. Ens podreu trobar a l&#8217;estand del nostre representant a Col\u00f2mbia, SOLTECAL. Confiem en poder saludar-vos personalment. Us esperem!<\/p>\n","protected":false},"author":1,"featured_media":5177,"comment_status":"open","ping_status":"open","sticky":false,"template":"","format":"standard","meta":{"_acf_changed":false,"neve_meta_sidebar":"","neve_meta_container":"","neve_meta_enable_content_width":"off","neve_meta_content_width":70,"neve_meta_title_alignment":"","neve_meta_author_avatar":"","neve_post_elements_order":"","neve_meta_disable_header":"","neve_meta_disable_footer":"","neve_meta_disable_title":"","footnotes":""},"categories":[30],"tags":[],"class_list":["post-5175","post","type-post","status-publish","format-standard","has-post-thumbnail","hentry","category-sin-categoria"],"acf":[],"yoast_head":"<!-- This site is optimized with the Yoast SEO plugin v26.9 - https:\/\/yoast.com\/product\/yoast-seo-wordpress\/ -->\n<title>Radar ser\u00e0 present a Andina Pack del 9 al 12 de Novembre  Radar Process<\/title>\n<meta name=\"description\" content=\"Ens podreu trobar a l&#039;estand del nostre representant a Col\u00f2mbia, SOLTECAL. Confiem en poder saludar-vos personalment. Us esperem!\" \/>\n<meta name=\"robots\" content=\"index, follow, max-snippet:-1, max-image-preview:large, max-video-preview:-1\" \/>\n<link rel=\"canonical\" href=\"https:\/\/radarprocess.com\/ca\/radar-sera-present-a-andina-pack-del-9-al-12-de-novembre\/\" \/>\n<meta property=\"og:locale\" content=\"ca_ES\" \/>\n<meta property=\"og:type\" content=\"article\" \/>\n<meta property=\"og:title\" content=\"Radar ser\u00e0 present a Andina Pack del 9 al 12 de Novembre  Radar Process\" \/>\n<meta property=\"og:description\" content=\"Ens podreu trobar a l&#039;estand del nostre representant a Col\u00f2mbia, SOLTECAL. Confiem en poder saludar-vos personalment. Us esperem!\" \/>\n<meta property=\"og:url\" content=\"https:\/\/radarprocess.com\/ca\/radar-sera-present-a-andina-pack-del-9-al-12-de-novembre\/\" \/>\n<meta property=\"og:site_name\" content=\"Radar Process\" \/>\n<meta property=\"article:published_time\" content=\"2022-07-29T13:55:50+00:00\" \/>\n<meta property=\"og:image\" content=\"https:\/\/radarprocess.com\/wp-content\/uploads\/2022\/04\/andina-pack-14.jpg\" \/>\n\t<meta property=\"og:image:width\" content=\"1200\" \/>\n\t<meta property=\"og:image:height\" content=\"800\" \/>\n\t<meta property=\"og:image:type\" content=\"image\/jpeg\" \/>\n<meta name=\"author\" content=\"neorg_US\" \/>\n<meta name=\"twitter:card\" content=\"summary_large_image\" \/>\n<meta name=\"twitter:label1\" content=\"Escrit per\" \/>\n\t<meta name=\"twitter:data1\" content=\"neorg_US\" \/>\n<script type=\"application\/ld+json\" class=\"yoast-schema-graph\">{\"@context\":\"https:\/\/schema.org\",\"@graph\":[{\"@type\":\"Article\",\"@id\":\"https:\/\/radarprocess.com\/ca\/radar-sera-present-a-andina-pack-del-9-al-12-de-novembre\/#article\",\"isPartOf\":{\"@id\":\"https:\/\/radarprocess.com\/ca\/radar-sera-present-a-andina-pack-del-9-al-12-de-novembre\/\"},\"author\":{\"name\":\"neorg_US\",\"@id\":\"https:\/\/radarprocess.com\/#\/schema\/person\/765ef37ac377a8fa32ec58773e099de3\"},\"headline\":\"Radar ser\u00e0 present a Andina Pack del 9 al 12 de Novembre\",\"datePublished\":\"2022-07-29T13:55:50+00:00\",\"mainEntityOfPage\":{\"@id\":\"https:\/\/radarprocess.com\/ca\/radar-sera-present-a-andina-pack-del-9-al-12-de-novembre\/\"},\"wordCount\":73,\"commentCount\":0,\"publisher\":{\"@id\":\"https:\/\/radarprocess.com\/#organization\"},\"image\":{\"@id\":\"https:\/\/radarprocess.com\/ca\/radar-sera-present-a-andina-pack-del-9-al-12-de-novembre\/#primaryimage\"},\"thumbnailUrl\":\"https:\/\/radarprocess.com\/wp-content\/uploads\/2022\/04\/andina-pack-14.jpg\",\"articleSection\":[\"Sin categor\u00eda\"],\"inLanguage\":\"ca\",\"potentialAction\":[{\"@type\":\"CommentAction\",\"name\":\"Comment\",\"target\":[\"https:\/\/radarprocess.com\/ca\/radar-sera-present-a-andina-pack-del-9-al-12-de-novembre\/#respond\"]}]},{\"@type\":\"WebPage\",\"@id\":\"https:\/\/radarprocess.com\/ca\/radar-sera-present-a-andina-pack-del-9-al-12-de-novembre\/\",\"url\":\"https:\/\/radarprocess.com\/ca\/radar-sera-present-a-andina-pack-del-9-al-12-de-novembre\/\",\"name\":\"Radar ser\u00e0 present a Andina Pack del 9 al 12 de Novembre Radar Process\",\"isPartOf\":{\"@id\":\"https:\/\/radarprocess.com\/#website\"},\"primaryImageOfPage\":{\"@id\":\"https:\/\/radarprocess.com\/ca\/radar-sera-present-a-andina-pack-del-9-al-12-de-novembre\/#primaryimage\"},\"image\":{\"@id\":\"https:\/\/radarprocess.com\/ca\/radar-sera-present-a-andina-pack-del-9-al-12-de-novembre\/#primaryimage\"},\"thumbnailUrl\":\"https:\/\/radarprocess.com\/wp-content\/uploads\/2022\/04\/andina-pack-14.jpg\",\"datePublished\":\"2022-07-29T13:55:50+00:00\",\"description\":\"Ens podreu trobar a l'estand del nostre representant a Col\u00f2mbia, SOLTECAL. Confiem en poder saludar-vos personalment. Us esperem!\",\"breadcrumb\":{\"@id\":\"https:\/\/radarprocess.com\/ca\/radar-sera-present-a-andina-pack-del-9-al-12-de-novembre\/#breadcrumb\"},\"inLanguage\":\"ca\",\"potentialAction\":[{\"@type\":\"ReadAction\",\"target\":[\"https:\/\/radarprocess.com\/ca\/radar-sera-present-a-andina-pack-del-9-al-12-de-novembre\/\"]}]},{\"@type\":\"ImageObject\",\"inLanguage\":\"ca\",\"@id\":\"https:\/\/radarprocess.com\/ca\/radar-sera-present-a-andina-pack-del-9-al-12-de-novembre\/#primaryimage\",\"url\":\"https:\/\/radarprocess.com\/wp-content\/uploads\/2022\/04\/andina-pack-14.jpg\",\"contentUrl\":\"https:\/\/radarprocess.com\/wp-content\/uploads\/2022\/04\/andina-pack-14.jpg\",\"width\":1200,\"height\":800,\"caption\":\"Andina Pack del 9 al 12 de Noviembre\"},{\"@type\":\"BreadcrumbList\",\"@id\":\"https:\/\/radarprocess.com\/ca\/radar-sera-present-a-andina-pack-del-9-al-12-de-novembre\/#breadcrumb\",\"itemListElement\":[{\"@type\":\"ListItem\",\"position\":1,\"name\":\"Portada\",\"item\":\"https:\/\/radarprocess.com\/ca\/inici\/\"},{\"@type\":\"ListItem\",\"position\":2,\"name\":\"Radar ser\u00e0 present a Andina Pack del 9 al 12 de Novembre\"}]},{\"@type\":\"WebSite\",\"@id\":\"https:\/\/radarprocess.com\/#website\",\"url\":\"https:\/\/radarprocess.com\/\",\"name\":\"Radar Process\",\"description\":\"Transport pneum\u00e0tic, dosificaci\u00f3 s\u00f2lids i sitges emmagatzemades\",\"publisher\":{\"@id\":\"https:\/\/radarprocess.com\/#organization\"},\"alternateName\":\"Radar Process\",\"potentialAction\":[{\"@type\":\"SearchAction\",\"target\":{\"@type\":\"EntryPoint\",\"urlTemplate\":\"https:\/\/radarprocess.com\/?s={search_term_string}\"},\"query-input\":{\"@type\":\"PropertyValueSpecification\",\"valueRequired\":true,\"valueName\":\"search_term_string\"}}],\"inLanguage\":\"ca\"},{\"@type\":\"Organization\",\"@id\":\"https:\/\/radarprocess.com\/#organization\",\"name\":\"Radar Process\",\"alternateName\":\"Radar Process\",\"url\":\"https:\/\/radarprocess.com\/\",\"logo\":{\"@type\":\"ImageObject\",\"inLanguage\":\"ca\",\"@id\":\"https:\/\/radarprocess.com\/#\/schema\/logo\/image\/\",\"url\":\"https:\/\/radarprocess.com\/wp-content\/uploads\/2021\/11\/logo-1.jpg\",\"contentUrl\":\"https:\/\/radarprocess.com\/wp-content\/uploads\/2021\/11\/logo-1.jpg\",\"width\":330,\"height\":96,\"caption\":\"Radar Process\"},\"image\":{\"@id\":\"https:\/\/radarprocess.com\/#\/schema\/logo\/image\/\"},\"sameAs\":[\"https:\/\/www.linkedin.com\/company\/radar-process-sl\/\"]},{\"@type\":\"Person\",\"@id\":\"https:\/\/radarprocess.com\/#\/schema\/person\/765ef37ac377a8fa32ec58773e099de3\",\"name\":\"neorg_US\",\"image\":{\"@type\":\"ImageObject\",\"inLanguage\":\"ca\",\"@id\":\"https:\/\/radarprocess.com\/#\/schema\/person\/image\/\",\"url\":\"https:\/\/secure.gravatar.com\/avatar\/b63926e9b9d0dcf698d6148e42ad55d32fd25573ca6e03571bddf984706f7428?s=96&d=mm&r=g\",\"contentUrl\":\"https:\/\/secure.gravatar.com\/avatar\/b63926e9b9d0dcf698d6148e42ad55d32fd25573ca6e03571bddf984706f7428?s=96&d=mm&r=g\",\"caption\":\"neorg_US\"},\"sameAs\":[\"https:\/\/radarprocess.com\/\"]}]}<\/script>\n<!-- \/ Yoast SEO plugin. -->","yoast_head_json":{"title":"Radar ser\u00e0 present a Andina Pack del 9 al 12 de Novembre  Radar Process","description":"Ens podreu trobar a l'estand del nostre representant a Col\u00f2mbia, SOLTECAL. Confiem en poder saludar-vos personalment. Us esperem!","robots":{"index":"index","follow":"follow","max-snippet":"max-snippet:-1","max-image-preview":"max-image-preview:large","max-video-preview":"max-video-preview:-1"},"canonical":"https:\/\/radarprocess.com\/ca\/radar-sera-present-a-andina-pack-del-9-al-12-de-novembre\/","og_locale":"ca_ES","og_type":"article","og_title":"Radar ser\u00e0 present a Andina Pack del 9 al 12 de Novembre  Radar Process","og_description":"Ens podreu trobar a l'estand del nostre representant a Col\u00f2mbia, SOLTECAL. Confiem en poder saludar-vos personalment. Us esperem!","og_url":"https:\/\/radarprocess.com\/ca\/radar-sera-present-a-andina-pack-del-9-al-12-de-novembre\/","og_site_name":"Radar Process","article_published_time":"2022-07-29T13:55:50+00:00","og_image":[{"width":1200,"height":800,"url":"https:\/\/radarprocess.com\/wp-content\/uploads\/2022\/04\/andina-pack-14.jpg","type":"image\/jpeg"}],"author":"neorg_US","twitter_card":"summary_large_image","twitter_misc":{"Escrit per":"neorg_US"},"schema":{"@context":"https:\/\/schema.org","@graph":[{"@type":"Article","@id":"https:\/\/radarprocess.com\/ca\/radar-sera-present-a-andina-pack-del-9-al-12-de-novembre\/#article","isPartOf":{"@id":"https:\/\/radarprocess.com\/ca\/radar-sera-present-a-andina-pack-del-9-al-12-de-novembre\/"},"author":{"name":"neorg_US","@id":"https:\/\/radarprocess.com\/#\/schema\/person\/765ef37ac377a8fa32ec58773e099de3"},"headline":"Radar ser\u00e0 present a Andina Pack del 9 al 12 de Novembre","datePublished":"2022-07-29T13:55:50+00:00","mainEntityOfPage":{"@id":"https:\/\/radarprocess.com\/ca\/radar-sera-present-a-andina-pack-del-9-al-12-de-novembre\/"},"wordCount":73,"commentCount":0,"publisher":{"@id":"https:\/\/radarprocess.com\/#organization"},"image":{"@id":"https:\/\/radarprocess.com\/ca\/radar-sera-present-a-andina-pack-del-9-al-12-de-novembre\/#primaryimage"},"thumbnailUrl":"https:\/\/radarprocess.com\/wp-content\/uploads\/2022\/04\/andina-pack-14.jpg","articleSection":["Sin categor\u00eda"],"inLanguage":"ca","potentialAction":[{"@type":"CommentAction","name":"Comment","target":["https:\/\/radarprocess.com\/ca\/radar-sera-present-a-andina-pack-del-9-al-12-de-novembre\/#respond"]}]},{"@type":"WebPage","@id":"https:\/\/radarprocess.com\/ca\/radar-sera-present-a-andina-pack-del-9-al-12-de-novembre\/","url":"https:\/\/radarprocess.com\/ca\/radar-sera-present-a-andina-pack-del-9-al-12-de-novembre\/","name":"Radar ser\u00e0 present a Andina Pack del 9 al 12 de Novembre Radar Process","isPartOf":{"@id":"https:\/\/radarprocess.com\/#website"},"primaryImageOfPage":{"@id":"https:\/\/radarprocess.com\/ca\/radar-sera-present-a-andina-pack-del-9-al-12-de-novembre\/#primaryimage"},"image":{"@id":"https:\/\/radarprocess.com\/ca\/radar-sera-present-a-andina-pack-del-9-al-12-de-novembre\/#primaryimage"},"thumbnailUrl":"https:\/\/radarprocess.com\/wp-content\/uploads\/2022\/04\/andina-pack-14.jpg","datePublished":"2022-07-29T13:55:50+00:00","description":"Ens podreu trobar a l'estand del nostre representant a Col\u00f2mbia, SOLTECAL. Confiem en poder saludar-vos personalment. Us esperem!","breadcrumb":{"@id":"https:\/\/radarprocess.com\/ca\/radar-sera-present-a-andina-pack-del-9-al-12-de-novembre\/#breadcrumb"},"inLanguage":"ca","potentialAction":[{"@type":"ReadAction","target":["https:\/\/radarprocess.com\/ca\/radar-sera-present-a-andina-pack-del-9-al-12-de-novembre\/"]}]},{"@type":"ImageObject","inLanguage":"ca","@id":"https:\/\/radarprocess.com\/ca\/radar-sera-present-a-andina-pack-del-9-al-12-de-novembre\/#primaryimage","url":"https:\/\/radarprocess.com\/wp-content\/uploads\/2022\/04\/andina-pack-14.jpg","contentUrl":"https:\/\/radarprocess.com\/wp-content\/uploads\/2022\/04\/andina-pack-14.jpg","width":1200,"height":800,"caption":"Andina Pack del 9 al 12 de Noviembre"},{"@type":"BreadcrumbList","@id":"https:\/\/radarprocess.com\/ca\/radar-sera-present-a-andina-pack-del-9-al-12-de-novembre\/#breadcrumb","itemListElement":[{"@type":"ListItem","position":1,"name":"Portada","item":"https:\/\/radarprocess.com\/ca\/inici\/"},{"@type":"ListItem","position":2,"name":"Radar ser\u00e0 present a Andina Pack del 9 al 12 de Novembre"}]},{"@type":"WebSite","@id":"https:\/\/radarprocess.com\/#website","url":"https:\/\/radarprocess.com\/","name":"Radar Process","description":"Transport pneum\u00e0tic, dosificaci\u00f3 s\u00f2lids i sitges emmagatzemades","publisher":{"@id":"https:\/\/radarprocess.com\/#organization"},"alternateName":"Radar Process","potentialAction":[{"@type":"SearchAction","target":{"@type":"EntryPoint","urlTemplate":"https:\/\/radarprocess.com\/?s={search_term_string}"},"query-input":{"@type":"PropertyValueSpecification","valueRequired":true,"valueName":"search_term_string"}}],"inLanguage":"ca"},{"@type":"Organization","@id":"https:\/\/radarprocess.com\/#organization","name":"Radar Process","alternateName":"Radar Process","url":"https:\/\/radarprocess.com\/","logo":{"@type":"ImageObject","inLanguage":"ca","@id":"https:\/\/radarprocess.com\/#\/schema\/logo\/image\/","url":"https:\/\/radarprocess.com\/wp-content\/uploads\/2021\/11\/logo-1.jpg","contentUrl":"https:\/\/radarprocess.com\/wp-content\/uploads\/2021\/11\/logo-1.jpg","width":330,"height":96,"caption":"Radar Process"},"image":{"@id":"https:\/\/radarprocess.com\/#\/schema\/logo\/image\/"},"sameAs":["https:\/\/www.linkedin.com\/company\/radar-process-sl\/"]},{"@type":"Person","@id":"https:\/\/radarprocess.com\/#\/schema\/person\/765ef37ac377a8fa32ec58773e099de3","name":"neorg_US","image":{"@type":"ImageObject","inLanguage":"ca","@id":"https:\/\/radarprocess.com\/#\/schema\/person\/image\/","url":"https:\/\/secure.gravatar.com\/avatar\/b63926e9b9d0dcf698d6148e42ad55d32fd25573ca6e03571bddf984706f7428?s=96&d=mm&r=g","contentUrl":"https:\/\/secure.gravatar.com\/avatar\/b63926e9b9d0dcf698d6148e42ad55d32fd25573ca6e03571bddf984706f7428?s=96&d=mm&r=g","caption":"neorg_US"},"sameAs":["https:\/\/radarprocess.com\/"]}]}},"_links":{"self":[{"href":"https:\/\/radarprocess.com\/ca\/wp-json\/wp\/v2\/posts\/5175","targetHints":{"allow":["GET"]}}],"collection":[{"href":"https:\/\/radarprocess.com\/ca\/wp-json\/wp\/v2\/posts"}],"about":[{"href":"https:\/\/radarprocess.com\/ca\/wp-json\/wp\/v2\/types\/post"}],"author":[{"embeddable":true,"href":"https:\/\/radarprocess.com\/ca\/wp-json\/wp\/v2\/users\/1"}],"replies":[{"embeddable":true,"href":"https:\/\/radarprocess.com\/ca\/wp-json\/wp\/v2\/comments?post=5175"}],"version-history":[{"count":0,"href":"https:\/\/radarprocess.com\/ca\/wp-json\/wp\/v2\/posts\/5175\/revisions"}],"wp:featuredmedia":[{"embeddable":true,"href":"https:\/\/radarprocess.com\/ca\/wp-json\/wp\/v2\/media\/5177"}],"wp:attachment":[{"href":"https:\/\/radarprocess.com\/ca\/wp-json\/wp\/v2\/media?parent=5175"}],"wp:term":[{"taxonomy":"category","embeddable":true,"href":"https:\/\/radarprocess.com\/ca\/wp-json\/wp\/v2\/categories?post=5175"},{"taxonomy":"post_tag","embeddable":true,"href":"https:\/\/radarprocess.com\/ca\/wp-json\/wp\/v2\/tags?post=5175"}],"curies":[{"name":"wp","href":"https:\/\/api.w.org\/{rel}","templated":true}]}}