{"id":5179,"date":"2025-03-13T12:28:23","date_gmt":"2025-03-13T11:28:23","guid":{"rendered":"https:\/\/radarprocess.com\/radar-process-torna-a-iba-trade-fair-2025\/"},"modified":"2025-03-13T12:28:23","modified_gmt":"2025-03-13T11:28:23","slug":"radar-process-torna-a-iba-trade-fair-2025","status":"publish","type":"post","link":"https:\/\/radarprocess.com\/ca\/radar-process-torna-a-iba-trade-fair-2025\/","title":{"rendered":"Radar Process torna a IBA Trade Fair 2025"},"content":{"rendered":"<p class=\"p1\">Ens complau anunciar que Radar Process ser\u00e0 present, un any m\u00e9s, a <b>IBA Trade Fair 2025<\/b> , la fira l\u00edder mundial de la ind\u00fastria fornera i pastissera.<\/p>\n<p class=\"p1\"><b>Ens trobar\u00e0s al Hall 13 \u2013 Stand A10<\/b><\/p>\n<p class=\"p1\"><b>Dates i horaris<\/b><br \/>\n IBA se celebrar\u00e0 del <b>18 al 22 de maig de 2025<\/b> a <b>Messe D\u00fcsseldorf, Alemanya<\/b> .<br \/>\n L&#8217;horari d&#8217;obertura ser\u00e0 de <b>09:30 ha 18:00 h de diumenge a dimecres<\/b> , i el <b>dijous 22 de maig<\/b> el recinte tancar\u00e0 a les <b>17:00 h<\/b> .<\/p>\n<p class=\"p1\"><b>Agenda una reuni\u00f3 amb el nostre equip<\/b><\/p>\n<p class=\"p1\">A <b>Radar Process<\/b> estem sempre a la vostra disposici\u00f3 per ajudar-vos a optimitzar els vostres processos de producci\u00f3. Et convidem a programar una reuni\u00f3 amb els nostres experts i con\u00e8ixer de primera m\u00e0 les nostres solucions innovadores per a la ind\u00fastria aliment\u00e0ria. <\/p>\n<p class=\"p1\">Per a m\u00e9s informaci\u00f3 sobre l&#8217;exposici\u00f3 o per concertar una reuni\u00f3, podeu posar-vos en contacte amb <b><a href=\"mailto:info@radarprocess.com\" target=\"_blank\" rel=\"noopener\">nosaltres<\/a> .<\/b><\/p>\n<p class=\"p1\"><b>Aconsegueix la teva entrada<\/b><\/p>\n<p class=\"p1\">Si encara no tens la teva entrada, <b>fes clic al seg\u00fcent enlla\u00e7 i aconsegueix la teva<\/b> :<\/p>\n<p class=\"p2\"><a href=\"mailto:info@radarprocess.com\" target=\"_blank\" rel=\"noopener\"><span class=\"s2\"><b>VULL UNA ENTRADA  <\/b><\/span><\/a><\/p>\n<div id=\"gtx-trans\" style=\"position: absolute; left: 619px; top: 104.8px;\">\n<div class=\"gtx-trans-icon\"><\/div>\n<\/div>\n","protected":false},"excerpt":{"rendered":"<p>Ens complau anunciar que Radar Process ser\u00e0 present, un any m\u00e9s, a IBA Trade Fair 2025 , la fira l\u00edder mundial de la ind\u00fastria fornera i pastissera. Ens trobar\u00e0s al Hall 13 \u2013 Stand A10 Dates i horaris IBA se celebrar\u00e0 del 18 al 22 de maig de 2025 a Messe D\u00fcsseldorf, Alemanya . L&#8217;horari&hellip;&nbsp;<a href=\"https:\/\/radarprocess.com\/ca\/radar-process-torna-a-iba-trade-fair-2025\/\" rel=\"bookmark\"><span class=\"screen-reader-text\">Radar Process torna a IBA Trade Fair 2025<\/span><\/a><\/p>\n","protected":false},"author":1,"featured_media":5181,"comment_status":"open","ping_status":"open","sticky":false,"template":"","format":"standard","meta":{"_acf_changed":false,"neve_meta_sidebar":"","neve_meta_container":"","neve_meta_enable_content_width":"off","neve_meta_content_width":70,"neve_meta_title_alignment":"","neve_meta_author_avatar":"","neve_post_elements_order":"","neve_meta_disable_header":"","neve_meta_disable_footer":"","neve_meta_disable_title":"","footnotes":""},"categories":[30],"tags":[],"class_list":["post-5179","post","type-post","status-publish","format-standard","has-post-thumbnail","hentry","category-sin-categoria"],"acf":[],"yoast_head":"<!-- This site is optimized with the Yoast SEO plugin v26.9 - https:\/\/yoast.com\/product\/yoast-seo-wordpress\/ -->\n<title>Radar Process - IBA Trade Fair 2025<\/title>\n<meta name=\"description\" content=\"IBA Trade Fair 2025, fira l\u00edder mundial de la ind\u00fastria fornera i pastissera, del 18 al 22 de maig de 2025 a Messe D\u00fcsseldorf, Alemanya.\" \/>\n<meta name=\"robots\" content=\"index, follow, max-snippet:-1, max-image-preview:large, max-video-preview:-1\" \/>\n<link rel=\"canonical\" href=\"https:\/\/radarprocess.com\/ca\/radar-process-torna-a-iba-trade-fair-2025\/\" \/>\n<meta property=\"og:locale\" content=\"ca_ES\" \/>\n<meta property=\"og:type\" content=\"article\" \/>\n<meta property=\"og:title\" content=\"Radar Process - IBA Trade Fair 2025\" \/>\n<meta property=\"og:description\" content=\"IBA Trade Fair 2025, fira l\u00edder mundial de la ind\u00fastria fornera i pastissera, del 18 al 22 de maig de 2025 a Messe D\u00fcsseldorf, Alemanya.\" \/>\n<meta property=\"og:url\" content=\"https:\/\/radarprocess.com\/ca\/radar-process-torna-a-iba-trade-fair-2025\/\" \/>\n<meta property=\"og:site_name\" content=\"Radar Process\" \/>\n<meta property=\"article:published_time\" content=\"2025-03-13T11:28:23+00:00\" \/>\n<meta property=\"og:image\" content=\"https:\/\/radarprocess.com\/wp-content\/uploads\/2025\/03\/IBA-Radar.jpg\" \/>\n\t<meta property=\"og:image:width\" content=\"1120\" \/>\n\t<meta property=\"og:image:height\" content=\"590\" \/>\n\t<meta property=\"og:image:type\" content=\"image\/jpeg\" \/>\n<meta name=\"author\" content=\"neorg_US\" \/>\n<meta name=\"twitter:card\" content=\"summary_large_image\" \/>\n<meta name=\"twitter:label1\" content=\"Escrit per\" \/>\n\t<meta name=\"twitter:data1\" content=\"neorg_US\" \/>\n\t<meta name=\"twitter:label2\" content=\"Temps estimat de lectura\" \/>\n\t<meta name=\"twitter:data2\" content=\"1 minut\" \/>\n<script type=\"application\/ld+json\" class=\"yoast-schema-graph\">{\"@context\":\"https:\/\/schema.org\",\"@graph\":[{\"@type\":\"Article\",\"@id\":\"https:\/\/radarprocess.com\/ca\/radar-process-torna-a-iba-trade-fair-2025\/#article\",\"isPartOf\":{\"@id\":\"https:\/\/radarprocess.com\/ca\/radar-process-torna-a-iba-trade-fair-2025\/\"},\"author\":{\"name\":\"neorg_US\",\"@id\":\"https:\/\/radarprocess.com\/#\/schema\/person\/765ef37ac377a8fa32ec58773e099de3\"},\"headline\":\"Radar Process torna a IBA Trade Fair 2025\",\"datePublished\":\"2025-03-13T11:28:23+00:00\",\"mainEntityOfPage\":{\"@id\":\"https:\/\/radarprocess.com\/ca\/radar-process-torna-a-iba-trade-fair-2025\/\"},\"wordCount\":176,\"commentCount\":0,\"publisher\":{\"@id\":\"https:\/\/radarprocess.com\/#organization\"},\"image\":{\"@id\":\"https:\/\/radarprocess.com\/ca\/radar-process-torna-a-iba-trade-fair-2025\/#primaryimage\"},\"thumbnailUrl\":\"https:\/\/radarprocess.com\/wp-content\/uploads\/2025\/03\/IBA-Radar.jpg\",\"articleSection\":[\"Sin categor\u00eda\"],\"inLanguage\":\"ca\",\"potentialAction\":[{\"@type\":\"CommentAction\",\"name\":\"Comment\",\"target\":[\"https:\/\/radarprocess.com\/ca\/radar-process-torna-a-iba-trade-fair-2025\/#respond\"]}]},{\"@type\":\"WebPage\",\"@id\":\"https:\/\/radarprocess.com\/ca\/radar-process-torna-a-iba-trade-fair-2025\/\",\"url\":\"https:\/\/radarprocess.com\/ca\/radar-process-torna-a-iba-trade-fair-2025\/\",\"name\":\"Radar Process - IBA Trade Fair 2025\",\"isPartOf\":{\"@id\":\"https:\/\/radarprocess.com\/#website\"},\"primaryImageOfPage\":{\"@id\":\"https:\/\/radarprocess.com\/ca\/radar-process-torna-a-iba-trade-fair-2025\/#primaryimage\"},\"image\":{\"@id\":\"https:\/\/radarprocess.com\/ca\/radar-process-torna-a-iba-trade-fair-2025\/#primaryimage\"},\"thumbnailUrl\":\"https:\/\/radarprocess.com\/wp-content\/uploads\/2025\/03\/IBA-Radar.jpg\",\"datePublished\":\"2025-03-13T11:28:23+00:00\",\"description\":\"IBA Trade Fair 2025, fira l\u00edder mundial de la ind\u00fastria fornera i pastissera, del 18 al 22 de maig de 2025 a Messe D\u00fcsseldorf, Alemanya.\",\"breadcrumb\":{\"@id\":\"https:\/\/radarprocess.com\/ca\/radar-process-torna-a-iba-trade-fair-2025\/#breadcrumb\"},\"inLanguage\":\"ca\",\"potentialAction\":[{\"@type\":\"ReadAction\",\"target\":[\"https:\/\/radarprocess.com\/ca\/radar-process-torna-a-iba-trade-fair-2025\/\"]}]},{\"@type\":\"ImageObject\",\"inLanguage\":\"ca\",\"@id\":\"https:\/\/radarprocess.com\/ca\/radar-process-torna-a-iba-trade-fair-2025\/#primaryimage\",\"url\":\"https:\/\/radarprocess.com\/wp-content\/uploads\/2025\/03\/IBA-Radar.jpg\",\"contentUrl\":\"https:\/\/radarprocess.com\/wp-content\/uploads\/2025\/03\/IBA-Radar.jpg\",\"width\":1120,\"height\":590,\"caption\":\"IBA Trade Fair 2025\"},{\"@type\":\"BreadcrumbList\",\"@id\":\"https:\/\/radarprocess.com\/ca\/radar-process-torna-a-iba-trade-fair-2025\/#breadcrumb\",\"itemListElement\":[{\"@type\":\"ListItem\",\"position\":1,\"name\":\"Portada\",\"item\":\"https:\/\/radarprocess.com\/ca\/inici\/\"},{\"@type\":\"ListItem\",\"position\":2,\"name\":\"Radar Process torna a IBA Trade Fair 2025\"}]},{\"@type\":\"WebSite\",\"@id\":\"https:\/\/radarprocess.com\/#website\",\"url\":\"https:\/\/radarprocess.com\/\",\"name\":\"Radar Process\",\"description\":\"Transport pneum\u00e0tic, dosificaci\u00f3 s\u00f2lids i sitges emmagatzemades\",\"publisher\":{\"@id\":\"https:\/\/radarprocess.com\/#organization\"},\"alternateName\":\"Radar Process\",\"potentialAction\":[{\"@type\":\"SearchAction\",\"target\":{\"@type\":\"EntryPoint\",\"urlTemplate\":\"https:\/\/radarprocess.com\/?s={search_term_string}\"},\"query-input\":{\"@type\":\"PropertyValueSpecification\",\"valueRequired\":true,\"valueName\":\"search_term_string\"}}],\"inLanguage\":\"ca\"},{\"@type\":\"Organization\",\"@id\":\"https:\/\/radarprocess.com\/#organization\",\"name\":\"Radar Process\",\"alternateName\":\"Radar Process\",\"url\":\"https:\/\/radarprocess.com\/\",\"logo\":{\"@type\":\"ImageObject\",\"inLanguage\":\"ca\",\"@id\":\"https:\/\/radarprocess.com\/#\/schema\/logo\/image\/\",\"url\":\"https:\/\/radarprocess.com\/wp-content\/uploads\/2021\/11\/logo-1.jpg\",\"contentUrl\":\"https:\/\/radarprocess.com\/wp-content\/uploads\/2021\/11\/logo-1.jpg\",\"width\":330,\"height\":96,\"caption\":\"Radar Process\"},\"image\":{\"@id\":\"https:\/\/radarprocess.com\/#\/schema\/logo\/image\/\"},\"sameAs\":[\"https:\/\/www.linkedin.com\/company\/radar-process-sl\/\"]},{\"@type\":\"Person\",\"@id\":\"https:\/\/radarprocess.com\/#\/schema\/person\/765ef37ac377a8fa32ec58773e099de3\",\"name\":\"neorg_US\",\"image\":{\"@type\":\"ImageObject\",\"inLanguage\":\"ca\",\"@id\":\"https:\/\/radarprocess.com\/#\/schema\/person\/image\/\",\"url\":\"https:\/\/secure.gravatar.com\/avatar\/b63926e9b9d0dcf698d6148e42ad55d32fd25573ca6e03571bddf984706f7428?s=96&d=mm&r=g\",\"contentUrl\":\"https:\/\/secure.gravatar.com\/avatar\/b63926e9b9d0dcf698d6148e42ad55d32fd25573ca6e03571bddf984706f7428?s=96&d=mm&r=g\",\"caption\":\"neorg_US\"},\"sameAs\":[\"https:\/\/radarprocess.com\/\"]}]}<\/script>\n<!-- \/ Yoast SEO plugin. -->","yoast_head_json":{"title":"Radar Process - IBA Trade Fair 2025","description":"IBA Trade Fair 2025, fira l\u00edder mundial de la ind\u00fastria fornera i pastissera, del 18 al 22 de maig de 2025 a Messe D\u00fcsseldorf, Alemanya.","robots":{"index":"index","follow":"follow","max-snippet":"max-snippet:-1","max-image-preview":"max-image-preview:large","max-video-preview":"max-video-preview:-1"},"canonical":"https:\/\/radarprocess.com\/ca\/radar-process-torna-a-iba-trade-fair-2025\/","og_locale":"ca_ES","og_type":"article","og_title":"Radar Process - IBA Trade Fair 2025","og_description":"IBA Trade Fair 2025, fira l\u00edder mundial de la ind\u00fastria fornera i pastissera, del 18 al 22 de maig de 2025 a Messe D\u00fcsseldorf, Alemanya.","og_url":"https:\/\/radarprocess.com\/ca\/radar-process-torna-a-iba-trade-fair-2025\/","og_site_name":"Radar Process","article_published_time":"2025-03-13T11:28:23+00:00","og_image":[{"width":1120,"height":590,"url":"https:\/\/radarprocess.com\/wp-content\/uploads\/2025\/03\/IBA-Radar.jpg","type":"image\/jpeg"}],"author":"neorg_US","twitter_card":"summary_large_image","twitter_misc":{"Escrit per":"neorg_US","Temps estimat de lectura":"1 minut"},"schema":{"@context":"https:\/\/schema.org","@graph":[{"@type":"Article","@id":"https:\/\/radarprocess.com\/ca\/radar-process-torna-a-iba-trade-fair-2025\/#article","isPartOf":{"@id":"https:\/\/radarprocess.com\/ca\/radar-process-torna-a-iba-trade-fair-2025\/"},"author":{"name":"neorg_US","@id":"https:\/\/radarprocess.com\/#\/schema\/person\/765ef37ac377a8fa32ec58773e099de3"},"headline":"Radar Process torna a IBA Trade Fair 2025","datePublished":"2025-03-13T11:28:23+00:00","mainEntityOfPage":{"@id":"https:\/\/radarprocess.com\/ca\/radar-process-torna-a-iba-trade-fair-2025\/"},"wordCount":176,"commentCount":0,"publisher":{"@id":"https:\/\/radarprocess.com\/#organization"},"image":{"@id":"https:\/\/radarprocess.com\/ca\/radar-process-torna-a-iba-trade-fair-2025\/#primaryimage"},"thumbnailUrl":"https:\/\/radarprocess.com\/wp-content\/uploads\/2025\/03\/IBA-Radar.jpg","articleSection":["Sin categor\u00eda"],"inLanguage":"ca","potentialAction":[{"@type":"CommentAction","name":"Comment","target":["https:\/\/radarprocess.com\/ca\/radar-process-torna-a-iba-trade-fair-2025\/#respond"]}]},{"@type":"WebPage","@id":"https:\/\/radarprocess.com\/ca\/radar-process-torna-a-iba-trade-fair-2025\/","url":"https:\/\/radarprocess.com\/ca\/radar-process-torna-a-iba-trade-fair-2025\/","name":"Radar Process - IBA Trade Fair 2025","isPartOf":{"@id":"https:\/\/radarprocess.com\/#website"},"primaryImageOfPage":{"@id":"https:\/\/radarprocess.com\/ca\/radar-process-torna-a-iba-trade-fair-2025\/#primaryimage"},"image":{"@id":"https:\/\/radarprocess.com\/ca\/radar-process-torna-a-iba-trade-fair-2025\/#primaryimage"},"thumbnailUrl":"https:\/\/radarprocess.com\/wp-content\/uploads\/2025\/03\/IBA-Radar.jpg","datePublished":"2025-03-13T11:28:23+00:00","description":"IBA Trade Fair 2025, fira l\u00edder mundial de la ind\u00fastria fornera i pastissera, del 18 al 22 de maig de 2025 a Messe D\u00fcsseldorf, Alemanya.","breadcrumb":{"@id":"https:\/\/radarprocess.com\/ca\/radar-process-torna-a-iba-trade-fair-2025\/#breadcrumb"},"inLanguage":"ca","potentialAction":[{"@type":"ReadAction","target":["https:\/\/radarprocess.com\/ca\/radar-process-torna-a-iba-trade-fair-2025\/"]}]},{"@type":"ImageObject","inLanguage":"ca","@id":"https:\/\/radarprocess.com\/ca\/radar-process-torna-a-iba-trade-fair-2025\/#primaryimage","url":"https:\/\/radarprocess.com\/wp-content\/uploads\/2025\/03\/IBA-Radar.jpg","contentUrl":"https:\/\/radarprocess.com\/wp-content\/uploads\/2025\/03\/IBA-Radar.jpg","width":1120,"height":590,"caption":"IBA Trade Fair 2025"},{"@type":"BreadcrumbList","@id":"https:\/\/radarprocess.com\/ca\/radar-process-torna-a-iba-trade-fair-2025\/#breadcrumb","itemListElement":[{"@type":"ListItem","position":1,"name":"Portada","item":"https:\/\/radarprocess.com\/ca\/inici\/"},{"@type":"ListItem","position":2,"name":"Radar Process torna a IBA Trade Fair 2025"}]},{"@type":"WebSite","@id":"https:\/\/radarprocess.com\/#website","url":"https:\/\/radarprocess.com\/","name":"Radar Process","description":"Transport pneum\u00e0tic, dosificaci\u00f3 s\u00f2lids i sitges emmagatzemades","publisher":{"@id":"https:\/\/radarprocess.com\/#organization"},"alternateName":"Radar Process","potentialAction":[{"@type":"SearchAction","target":{"@type":"EntryPoint","urlTemplate":"https:\/\/radarprocess.com\/?s={search_term_string}"},"query-input":{"@type":"PropertyValueSpecification","valueRequired":true,"valueName":"search_term_string"}}],"inLanguage":"ca"},{"@type":"Organization","@id":"https:\/\/radarprocess.com\/#organization","name":"Radar Process","alternateName":"Radar Process","url":"https:\/\/radarprocess.com\/","logo":{"@type":"ImageObject","inLanguage":"ca","@id":"https:\/\/radarprocess.com\/#\/schema\/logo\/image\/","url":"https:\/\/radarprocess.com\/wp-content\/uploads\/2021\/11\/logo-1.jpg","contentUrl":"https:\/\/radarprocess.com\/wp-content\/uploads\/2021\/11\/logo-1.jpg","width":330,"height":96,"caption":"Radar Process"},"image":{"@id":"https:\/\/radarprocess.com\/#\/schema\/logo\/image\/"},"sameAs":["https:\/\/www.linkedin.com\/company\/radar-process-sl\/"]},{"@type":"Person","@id":"https:\/\/radarprocess.com\/#\/schema\/person\/765ef37ac377a8fa32ec58773e099de3","name":"neorg_US","image":{"@type":"ImageObject","inLanguage":"ca","@id":"https:\/\/radarprocess.com\/#\/schema\/person\/image\/","url":"https:\/\/secure.gravatar.com\/avatar\/b63926e9b9d0dcf698d6148e42ad55d32fd25573ca6e03571bddf984706f7428?s=96&d=mm&r=g","contentUrl":"https:\/\/secure.gravatar.com\/avatar\/b63926e9b9d0dcf698d6148e42ad55d32fd25573ca6e03571bddf984706f7428?s=96&d=mm&r=g","caption":"neorg_US"},"sameAs":["https:\/\/radarprocess.com\/"]}]}},"_links":{"self":[{"href":"https:\/\/radarprocess.com\/ca\/wp-json\/wp\/v2\/posts\/5179","targetHints":{"allow":["GET"]}}],"collection":[{"href":"https:\/\/radarprocess.com\/ca\/wp-json\/wp\/v2\/posts"}],"about":[{"href":"https:\/\/radarprocess.com\/ca\/wp-json\/wp\/v2\/types\/post"}],"author":[{"embeddable":true,"href":"https:\/\/radarprocess.com\/ca\/wp-json\/wp\/v2\/users\/1"}],"replies":[{"embeddable":true,"href":"https:\/\/radarprocess.com\/ca\/wp-json\/wp\/v2\/comments?post=5179"}],"version-history":[{"count":0,"href":"https:\/\/radarprocess.com\/ca\/wp-json\/wp\/v2\/posts\/5179\/revisions"}],"wp:featuredmedia":[{"embeddable":true,"href":"https:\/\/radarprocess.com\/ca\/wp-json\/wp\/v2\/media\/5181"}],"wp:attachment":[{"href":"https:\/\/radarprocess.com\/ca\/wp-json\/wp\/v2\/media?parent=5179"}],"wp:term":[{"taxonomy":"category","embeddable":true,"href":"https:\/\/radarprocess.com\/ca\/wp-json\/wp\/v2\/categories?post=5179"},{"taxonomy":"post_tag","embeddable":true,"href":"https:\/\/radarprocess.com\/ca\/wp-json\/wp\/v2\/tags?post=5179"}],"curies":[{"name":"wp","href":"https:\/\/api.w.org\/{rel}","templated":true}]}}