{"id":5206,"date":"2022-03-09T15:51:17","date_gmt":"2022-03-09T14:51:17","guid":{"rendered":"https:\/\/radarprocess.com\/radar-process-a-expopack-2022-guadalajara-mexic-del-14-al-16-de-juny\/"},"modified":"2022-03-09T15:51:17","modified_gmt":"2022-03-09T14:51:17","slug":"radar-process-a-expopack-2022-guadalajara-mexic-del-14-al-16-de-juny","status":"publish","type":"post","link":"https:\/\/radarprocess.com\/ca\/radar-process-a-expopack-2022-guadalajara-mexic-del-14-al-16-de-juny\/","title":{"rendered":"Radar Process a ExpoPack 2022 &#8211; Guadalajara, M\u00e8xic del 14 al 16 de Juny"},"content":{"rendered":"<p>VINE A VISITAR EL NOSTRE STAND A EXPOPACK 2022 QUE SE CELEBRAR\u00c0 A GUADALAJARA, M\u00c8XIC, DEL 14 AL 16 DE JUNY.<\/p>\n<p>Estarem presents a la fira de tecnologies d&#8217;envasament i processament de Llatinoam\u00e8rica, Expopack 2022. Aquesta edici\u00f3 se celebra a Guadalajara, M\u00e8xic.<\/p>\n<p>Per a m\u00e9s informaci\u00f3, podeu visitar la web de la fira:<\/p>\n<p><a href=\"https:\/\/www.expopackmexico.com.mx\/es\">hhttps:\/\/www.expopackmexico.com.mx\/es<\/a><\/p>\n","protected":false},"excerpt":{"rendered":"<p>VINE A VISITAR EL NOSTRE STAND A EXPOPACK 2022 QUE SE CELEBRAR\u00c0 A GUADALAJARA, M\u00c8XIC, DEL 14 AL 16 DE JUNY. Estarem presents a la fira de tecnologies d&#8217;envasament i processament de Llatinoam\u00e8rica, Expopack 2022. Aquesta edici\u00f3 se celebra a Guadalajara, M\u00e8xic. Per a m\u00e9s informaci\u00f3, podeu visitar la web de la fira: hhttps:\/\/www.expopackmexico.com.mx\/es<\/p>\n","protected":false},"author":1,"featured_media":5207,"comment_status":"open","ping_status":"open","sticky":false,"template":"","format":"standard","meta":{"_acf_changed":false,"neve_meta_sidebar":"","neve_meta_container":"","neve_meta_enable_content_width":"off","neve_meta_content_width":70,"neve_meta_title_alignment":"","neve_meta_author_avatar":"","neve_post_elements_order":"","neve_meta_disable_header":"","neve_meta_disable_footer":"","neve_meta_disable_title":"","footnotes":""},"categories":[30],"tags":[],"class_list":["post-5206","post","type-post","status-publish","format-standard","has-post-thumbnail","hentry","category-sin-categoria"],"acf":[],"yoast_head":"<!-- This site is optimized with the Yoast SEO plugin v26.9 - https:\/\/yoast.com\/product\/yoast-seo-wordpress\/ -->\n<title>Radar Process a ExpoPack 2022 - Guadalajara, M\u00e8xic del 14 al 16 de Juny  Radar Process<\/title>\n<meta name=\"description\" content=\"Estarem presents a la fira de tecnologies d&#039;envasament i processament de Llatinoam\u00e8rica, Expopack 2022.\" \/>\n<meta name=\"robots\" content=\"index, follow, max-snippet:-1, max-image-preview:large, max-video-preview:-1\" \/>\n<link rel=\"canonical\" href=\"https:\/\/radarprocess.com\/ca\/radar-process-a-expopack-2022-guadalajara-mexic-del-14-al-16-de-juny\/\" \/>\n<meta property=\"og:locale\" content=\"ca_ES\" \/>\n<meta property=\"og:type\" content=\"article\" \/>\n<meta property=\"og:title\" content=\"Radar Process a ExpoPack 2022 - Guadalajara, M\u00e8xic del 14 al 16 de Juny  Radar Process\" \/>\n<meta property=\"og:description\" content=\"Estarem presents a la fira de tecnologies d&#039;envasament i processament de Llatinoam\u00e8rica, Expopack 2022.\" \/>\n<meta property=\"og:url\" content=\"https:\/\/radarprocess.com\/ca\/radar-process-a-expopack-2022-guadalajara-mexic-del-14-al-16-de-juny\/\" \/>\n<meta property=\"og:site_name\" content=\"Radar Process\" \/>\n<meta property=\"article:published_time\" content=\"2022-03-09T14:51:17+00:00\" \/>\n<meta property=\"og:image\" content=\"https:\/\/radarprocess.com\/wp-content\/uploads\/2022\/04\/mx.jpg\" \/>\n\t<meta property=\"og:image:width\" content=\"1474\" \/>\n\t<meta property=\"og:image:height\" content=\"788\" \/>\n\t<meta property=\"og:image:type\" content=\"image\/jpeg\" \/>\n<meta name=\"author\" content=\"neorg_US\" \/>\n<meta name=\"twitter:card\" content=\"summary_large_image\" \/>\n<meta name=\"twitter:label1\" content=\"Escrit per\" \/>\n\t<meta name=\"twitter:data1\" content=\"neorg_US\" \/>\n<script type=\"application\/ld+json\" class=\"yoast-schema-graph\">{\"@context\":\"https:\/\/schema.org\",\"@graph\":[{\"@type\":\"Article\",\"@id\":\"https:\/\/radarprocess.com\/ca\/radar-process-a-expopack-2022-guadalajara-mexic-del-14-al-16-de-juny\/#article\",\"isPartOf\":{\"@id\":\"https:\/\/radarprocess.com\/ca\/radar-process-a-expopack-2022-guadalajara-mexic-del-14-al-16-de-juny\/\"},\"author\":{\"name\":\"neorg_US\",\"@id\":\"https:\/\/radarprocess.com\/#\/schema\/person\/765ef37ac377a8fa32ec58773e099de3\"},\"headline\":\"Radar Process a ExpoPack 2022 &#8211; Guadalajara, M\u00e8xic del 14 al 16 de Juny\",\"datePublished\":\"2022-03-09T14:51:17+00:00\",\"mainEntityOfPage\":{\"@id\":\"https:\/\/radarprocess.com\/ca\/radar-process-a-expopack-2022-guadalajara-mexic-del-14-al-16-de-juny\/\"},\"wordCount\":72,\"commentCount\":0,\"publisher\":{\"@id\":\"https:\/\/radarprocess.com\/#organization\"},\"image\":{\"@id\":\"https:\/\/radarprocess.com\/ca\/radar-process-a-expopack-2022-guadalajara-mexic-del-14-al-16-de-juny\/#primaryimage\"},\"thumbnailUrl\":\"https:\/\/radarprocess.com\/wp-content\/uploads\/2022\/04\/mx.jpg\",\"articleSection\":[\"Sin categor\u00eda\"],\"inLanguage\":\"ca\",\"potentialAction\":[{\"@type\":\"CommentAction\",\"name\":\"Comment\",\"target\":[\"https:\/\/radarprocess.com\/ca\/radar-process-a-expopack-2022-guadalajara-mexic-del-14-al-16-de-juny\/#respond\"]}]},{\"@type\":\"WebPage\",\"@id\":\"https:\/\/radarprocess.com\/ca\/radar-process-a-expopack-2022-guadalajara-mexic-del-14-al-16-de-juny\/\",\"url\":\"https:\/\/radarprocess.com\/ca\/radar-process-a-expopack-2022-guadalajara-mexic-del-14-al-16-de-juny\/\",\"name\":\"Radar Process a ExpoPack 2022 - Guadalajara, M\u00e8xic del 14 al 16 de Juny Radar Process\",\"isPartOf\":{\"@id\":\"https:\/\/radarprocess.com\/#website\"},\"primaryImageOfPage\":{\"@id\":\"https:\/\/radarprocess.com\/ca\/radar-process-a-expopack-2022-guadalajara-mexic-del-14-al-16-de-juny\/#primaryimage\"},\"image\":{\"@id\":\"https:\/\/radarprocess.com\/ca\/radar-process-a-expopack-2022-guadalajara-mexic-del-14-al-16-de-juny\/#primaryimage\"},\"thumbnailUrl\":\"https:\/\/radarprocess.com\/wp-content\/uploads\/2022\/04\/mx.jpg\",\"datePublished\":\"2022-03-09T14:51:17+00:00\",\"description\":\"Estarem presents a la fira de tecnologies d'envasament i processament de Llatinoam\u00e8rica, Expopack 2022.\",\"breadcrumb\":{\"@id\":\"https:\/\/radarprocess.com\/ca\/radar-process-a-expopack-2022-guadalajara-mexic-del-14-al-16-de-juny\/#breadcrumb\"},\"inLanguage\":\"ca\",\"potentialAction\":[{\"@type\":\"ReadAction\",\"target\":[\"https:\/\/radarprocess.com\/ca\/radar-process-a-expopack-2022-guadalajara-mexic-del-14-al-16-de-juny\/\"]}]},{\"@type\":\"ImageObject\",\"inLanguage\":\"ca\",\"@id\":\"https:\/\/radarprocess.com\/ca\/radar-process-a-expopack-2022-guadalajara-mexic-del-14-al-16-de-juny\/#primaryimage\",\"url\":\"https:\/\/radarprocess.com\/wp-content\/uploads\/2022\/04\/mx.jpg\",\"contentUrl\":\"https:\/\/radarprocess.com\/wp-content\/uploads\/2022\/04\/mx.jpg\",\"width\":1474,\"height\":788,\"caption\":\"Radar Process en ExpoPack 2022\"},{\"@type\":\"BreadcrumbList\",\"@id\":\"https:\/\/radarprocess.com\/ca\/radar-process-a-expopack-2022-guadalajara-mexic-del-14-al-16-de-juny\/#breadcrumb\",\"itemListElement\":[{\"@type\":\"ListItem\",\"position\":1,\"name\":\"Portada\",\"item\":\"https:\/\/radarprocess.com\/ca\/inici\/\"},{\"@type\":\"ListItem\",\"position\":2,\"name\":\"Radar Process a ExpoPack 2022 &#8211; Guadalajara, M\u00e8xic del 14 al 16 de Juny\"}]},{\"@type\":\"WebSite\",\"@id\":\"https:\/\/radarprocess.com\/#website\",\"url\":\"https:\/\/radarprocess.com\/\",\"name\":\"Radar Process\",\"description\":\"Transport pneum\u00e0tic, dosificaci\u00f3 s\u00f2lids i sitges emmagatzemades\",\"publisher\":{\"@id\":\"https:\/\/radarprocess.com\/#organization\"},\"alternateName\":\"Radar Process\",\"potentialAction\":[{\"@type\":\"SearchAction\",\"target\":{\"@type\":\"EntryPoint\",\"urlTemplate\":\"https:\/\/radarprocess.com\/?s={search_term_string}\"},\"query-input\":{\"@type\":\"PropertyValueSpecification\",\"valueRequired\":true,\"valueName\":\"search_term_string\"}}],\"inLanguage\":\"ca\"},{\"@type\":\"Organization\",\"@id\":\"https:\/\/radarprocess.com\/#organization\",\"name\":\"Radar Process\",\"alternateName\":\"Radar Process\",\"url\":\"https:\/\/radarprocess.com\/\",\"logo\":{\"@type\":\"ImageObject\",\"inLanguage\":\"ca\",\"@id\":\"https:\/\/radarprocess.com\/#\/schema\/logo\/image\/\",\"url\":\"https:\/\/radarprocess.com\/wp-content\/uploads\/2021\/11\/logo-1.jpg\",\"contentUrl\":\"https:\/\/radarprocess.com\/wp-content\/uploads\/2021\/11\/logo-1.jpg\",\"width\":330,\"height\":96,\"caption\":\"Radar Process\"},\"image\":{\"@id\":\"https:\/\/radarprocess.com\/#\/schema\/logo\/image\/\"},\"sameAs\":[\"https:\/\/www.linkedin.com\/company\/radar-process-sl\/\"]},{\"@type\":\"Person\",\"@id\":\"https:\/\/radarprocess.com\/#\/schema\/person\/765ef37ac377a8fa32ec58773e099de3\",\"name\":\"neorg_US\",\"image\":{\"@type\":\"ImageObject\",\"inLanguage\":\"ca\",\"@id\":\"https:\/\/radarprocess.com\/#\/schema\/person\/image\/\",\"url\":\"https:\/\/secure.gravatar.com\/avatar\/b63926e9b9d0dcf698d6148e42ad55d32fd25573ca6e03571bddf984706f7428?s=96&d=mm&r=g\",\"contentUrl\":\"https:\/\/secure.gravatar.com\/avatar\/b63926e9b9d0dcf698d6148e42ad55d32fd25573ca6e03571bddf984706f7428?s=96&d=mm&r=g\",\"caption\":\"neorg_US\"},\"sameAs\":[\"https:\/\/radarprocess.com\/\"]}]}<\/script>\n<!-- \/ Yoast SEO plugin. -->","yoast_head_json":{"title":"Radar Process a ExpoPack 2022 - Guadalajara, M\u00e8xic del 14 al 16 de Juny  Radar Process","description":"Estarem presents a la fira de tecnologies d'envasament i processament de Llatinoam\u00e8rica, Expopack 2022.","robots":{"index":"index","follow":"follow","max-snippet":"max-snippet:-1","max-image-preview":"max-image-preview:large","max-video-preview":"max-video-preview:-1"},"canonical":"https:\/\/radarprocess.com\/ca\/radar-process-a-expopack-2022-guadalajara-mexic-del-14-al-16-de-juny\/","og_locale":"ca_ES","og_type":"article","og_title":"Radar Process a ExpoPack 2022 - Guadalajara, M\u00e8xic del 14 al 16 de Juny  Radar Process","og_description":"Estarem presents a la fira de tecnologies d'envasament i processament de Llatinoam\u00e8rica, Expopack 2022.","og_url":"https:\/\/radarprocess.com\/ca\/radar-process-a-expopack-2022-guadalajara-mexic-del-14-al-16-de-juny\/","og_site_name":"Radar Process","article_published_time":"2022-03-09T14:51:17+00:00","og_image":[{"width":1474,"height":788,"url":"https:\/\/radarprocess.com\/wp-content\/uploads\/2022\/04\/mx.jpg","type":"image\/jpeg"}],"author":"neorg_US","twitter_card":"summary_large_image","twitter_misc":{"Escrit per":"neorg_US"},"schema":{"@context":"https:\/\/schema.org","@graph":[{"@type":"Article","@id":"https:\/\/radarprocess.com\/ca\/radar-process-a-expopack-2022-guadalajara-mexic-del-14-al-16-de-juny\/#article","isPartOf":{"@id":"https:\/\/radarprocess.com\/ca\/radar-process-a-expopack-2022-guadalajara-mexic-del-14-al-16-de-juny\/"},"author":{"name":"neorg_US","@id":"https:\/\/radarprocess.com\/#\/schema\/person\/765ef37ac377a8fa32ec58773e099de3"},"headline":"Radar Process a ExpoPack 2022 &#8211; Guadalajara, M\u00e8xic del 14 al 16 de Juny","datePublished":"2022-03-09T14:51:17+00:00","mainEntityOfPage":{"@id":"https:\/\/radarprocess.com\/ca\/radar-process-a-expopack-2022-guadalajara-mexic-del-14-al-16-de-juny\/"},"wordCount":72,"commentCount":0,"publisher":{"@id":"https:\/\/radarprocess.com\/#organization"},"image":{"@id":"https:\/\/radarprocess.com\/ca\/radar-process-a-expopack-2022-guadalajara-mexic-del-14-al-16-de-juny\/#primaryimage"},"thumbnailUrl":"https:\/\/radarprocess.com\/wp-content\/uploads\/2022\/04\/mx.jpg","articleSection":["Sin categor\u00eda"],"inLanguage":"ca","potentialAction":[{"@type":"CommentAction","name":"Comment","target":["https:\/\/radarprocess.com\/ca\/radar-process-a-expopack-2022-guadalajara-mexic-del-14-al-16-de-juny\/#respond"]}]},{"@type":"WebPage","@id":"https:\/\/radarprocess.com\/ca\/radar-process-a-expopack-2022-guadalajara-mexic-del-14-al-16-de-juny\/","url":"https:\/\/radarprocess.com\/ca\/radar-process-a-expopack-2022-guadalajara-mexic-del-14-al-16-de-juny\/","name":"Radar Process a ExpoPack 2022 - Guadalajara, M\u00e8xic del 14 al 16 de Juny Radar Process","isPartOf":{"@id":"https:\/\/radarprocess.com\/#website"},"primaryImageOfPage":{"@id":"https:\/\/radarprocess.com\/ca\/radar-process-a-expopack-2022-guadalajara-mexic-del-14-al-16-de-juny\/#primaryimage"},"image":{"@id":"https:\/\/radarprocess.com\/ca\/radar-process-a-expopack-2022-guadalajara-mexic-del-14-al-16-de-juny\/#primaryimage"},"thumbnailUrl":"https:\/\/radarprocess.com\/wp-content\/uploads\/2022\/04\/mx.jpg","datePublished":"2022-03-09T14:51:17+00:00","description":"Estarem presents a la fira de tecnologies d'envasament i processament de Llatinoam\u00e8rica, Expopack 2022.","breadcrumb":{"@id":"https:\/\/radarprocess.com\/ca\/radar-process-a-expopack-2022-guadalajara-mexic-del-14-al-16-de-juny\/#breadcrumb"},"inLanguage":"ca","potentialAction":[{"@type":"ReadAction","target":["https:\/\/radarprocess.com\/ca\/radar-process-a-expopack-2022-guadalajara-mexic-del-14-al-16-de-juny\/"]}]},{"@type":"ImageObject","inLanguage":"ca","@id":"https:\/\/radarprocess.com\/ca\/radar-process-a-expopack-2022-guadalajara-mexic-del-14-al-16-de-juny\/#primaryimage","url":"https:\/\/radarprocess.com\/wp-content\/uploads\/2022\/04\/mx.jpg","contentUrl":"https:\/\/radarprocess.com\/wp-content\/uploads\/2022\/04\/mx.jpg","width":1474,"height":788,"caption":"Radar Process en ExpoPack 2022"},{"@type":"BreadcrumbList","@id":"https:\/\/radarprocess.com\/ca\/radar-process-a-expopack-2022-guadalajara-mexic-del-14-al-16-de-juny\/#breadcrumb","itemListElement":[{"@type":"ListItem","position":1,"name":"Portada","item":"https:\/\/radarprocess.com\/ca\/inici\/"},{"@type":"ListItem","position":2,"name":"Radar Process a ExpoPack 2022 &#8211; Guadalajara, M\u00e8xic del 14 al 16 de Juny"}]},{"@type":"WebSite","@id":"https:\/\/radarprocess.com\/#website","url":"https:\/\/radarprocess.com\/","name":"Radar Process","description":"Transport pneum\u00e0tic, dosificaci\u00f3 s\u00f2lids i sitges emmagatzemades","publisher":{"@id":"https:\/\/radarprocess.com\/#organization"},"alternateName":"Radar Process","potentialAction":[{"@type":"SearchAction","target":{"@type":"EntryPoint","urlTemplate":"https:\/\/radarprocess.com\/?s={search_term_string}"},"query-input":{"@type":"PropertyValueSpecification","valueRequired":true,"valueName":"search_term_string"}}],"inLanguage":"ca"},{"@type":"Organization","@id":"https:\/\/radarprocess.com\/#organization","name":"Radar Process","alternateName":"Radar Process","url":"https:\/\/radarprocess.com\/","logo":{"@type":"ImageObject","inLanguage":"ca","@id":"https:\/\/radarprocess.com\/#\/schema\/logo\/image\/","url":"https:\/\/radarprocess.com\/wp-content\/uploads\/2021\/11\/logo-1.jpg","contentUrl":"https:\/\/radarprocess.com\/wp-content\/uploads\/2021\/11\/logo-1.jpg","width":330,"height":96,"caption":"Radar Process"},"image":{"@id":"https:\/\/radarprocess.com\/#\/schema\/logo\/image\/"},"sameAs":["https:\/\/www.linkedin.com\/company\/radar-process-sl\/"]},{"@type":"Person","@id":"https:\/\/radarprocess.com\/#\/schema\/person\/765ef37ac377a8fa32ec58773e099de3","name":"neorg_US","image":{"@type":"ImageObject","inLanguage":"ca","@id":"https:\/\/radarprocess.com\/#\/schema\/person\/image\/","url":"https:\/\/secure.gravatar.com\/avatar\/b63926e9b9d0dcf698d6148e42ad55d32fd25573ca6e03571bddf984706f7428?s=96&d=mm&r=g","contentUrl":"https:\/\/secure.gravatar.com\/avatar\/b63926e9b9d0dcf698d6148e42ad55d32fd25573ca6e03571bddf984706f7428?s=96&d=mm&r=g","caption":"neorg_US"},"sameAs":["https:\/\/radarprocess.com\/"]}]}},"_links":{"self":[{"href":"https:\/\/radarprocess.com\/ca\/wp-json\/wp\/v2\/posts\/5206","targetHints":{"allow":["GET"]}}],"collection":[{"href":"https:\/\/radarprocess.com\/ca\/wp-json\/wp\/v2\/posts"}],"about":[{"href":"https:\/\/radarprocess.com\/ca\/wp-json\/wp\/v2\/types\/post"}],"author":[{"embeddable":true,"href":"https:\/\/radarprocess.com\/ca\/wp-json\/wp\/v2\/users\/1"}],"replies":[{"embeddable":true,"href":"https:\/\/radarprocess.com\/ca\/wp-json\/wp\/v2\/comments?post=5206"}],"version-history":[{"count":0,"href":"https:\/\/radarprocess.com\/ca\/wp-json\/wp\/v2\/posts\/5206\/revisions"}],"wp:featuredmedia":[{"embeddable":true,"href":"https:\/\/radarprocess.com\/ca\/wp-json\/wp\/v2\/media\/5207"}],"wp:attachment":[{"href":"https:\/\/radarprocess.com\/ca\/wp-json\/wp\/v2\/media?parent=5206"}],"wp:term":[{"taxonomy":"category","embeddable":true,"href":"https:\/\/radarprocess.com\/ca\/wp-json\/wp\/v2\/categories?post=5206"},{"taxonomy":"post_tag","embeddable":true,"href":"https:\/\/radarprocess.com\/ca\/wp-json\/wp\/v2\/tags?post=5206"}],"curies":[{"name":"wp","href":"https:\/\/api.w.org\/{rel}","templated":true}]}}