{"id":5223,"date":"2022-04-25T16:12:11","date_gmt":"2022-04-25T14:12:11","guid":{"rendered":"https:\/\/radarprocess.com\/visitans-a-hispack-2022-del-24-al-27-de-maig-a-barcelona\/"},"modified":"2022-04-25T16:12:11","modified_gmt":"2022-04-25T14:12:11","slug":"visitans-a-hispack-2022-del-24-al-27-de-maig-a-barcelona","status":"publish","type":"post","link":"https:\/\/radarprocess.com\/ca\/visitans-a-hispack-2022-del-24-al-27-de-maig-a-barcelona\/","title":{"rendered":"Visita&#8217;ns a Hispack 2022, del 24 al 27 de Maig a Barcelona"},"content":{"rendered":"<p>Del 24 al 27 de Maig estarem a Fira de Barcelona, \u200b\u200bcompartint estand amb IMCO Process &amp; Packaging una altra de les empreses del grup. Podr\u00e0s descobrir les darreres novetats en tecnologia de packaging i proc\u00e9s. <\/p>\n<p>Ens veiem a l&#8217;estand E-173 i D-171!<\/p>\n<p><a href=\"https:\/\/www.hispack.com\/\">Hispack | Packaging, Process &amp; Logistics<\/a><\/p>\n","protected":false},"excerpt":{"rendered":"<p>Del 24 al 27 de Maig estarem a Fira de Barcelona, \u200b\u200bcompartint estand amb IMCO Process &amp; Packaging una altra de les empreses del grup. Podr\u00e0s descobrir les darreres novetats en tecnologia de packaging i proc\u00e9s. Ens veiem a l&#8217;estand E-173 i D-171! Hispack | Packaging, Process &amp; Logistics<\/p>\n","protected":false},"author":1,"featured_media":5224,"comment_status":"open","ping_status":"open","sticky":false,"template":"","format":"standard","meta":{"_acf_changed":false,"neve_meta_sidebar":"","neve_meta_container":"","neve_meta_enable_content_width":"off","neve_meta_content_width":70,"neve_meta_title_alignment":"","neve_meta_author_avatar":"","neve_post_elements_order":"","neve_meta_disable_header":"","neve_meta_disable_footer":"","neve_meta_disable_title":"","footnotes":""},"categories":[30],"tags":[],"class_list":["post-5223","post","type-post","status-publish","format-standard","has-post-thumbnail","hentry","category-sin-categoria"],"acf":[],"yoast_head":"<!-- This site is optimized with the Yoast SEO plugin v26.9 - https:\/\/yoast.com\/product\/yoast-seo-wordpress\/ -->\n<title>Visita&#039;ns a Hispack 2022, del 24 al 27 de Maig a Barcelona  Radar Process<\/title>\n<meta name=\"description\" content=\"Del 24 al 27 de Maig estarem a Fira de Barcelona, \u200b\u200bcompartint estand amb IMCO Process &amp; Packaging una altra de les empreses del grup.\" \/>\n<meta name=\"robots\" content=\"index, follow, max-snippet:-1, max-image-preview:large, max-video-preview:-1\" \/>\n<link rel=\"canonical\" href=\"https:\/\/radarprocess.com\/ca\/visitans-a-hispack-2022-del-24-al-27-de-maig-a-barcelona\/\" \/>\n<meta property=\"og:locale\" content=\"ca_ES\" \/>\n<meta property=\"og:type\" content=\"article\" \/>\n<meta property=\"og:title\" content=\"Visita&#039;ns a Hispack 2022, del 24 al 27 de Maig a Barcelona  Radar Process\" \/>\n<meta property=\"og:description\" content=\"Del 24 al 27 de Maig estarem a Fira de Barcelona, \u200b\u200bcompartint estand amb IMCO Process &amp; Packaging una altra de les empreses del grup.\" \/>\n<meta property=\"og:url\" content=\"https:\/\/radarprocess.com\/ca\/visitans-a-hispack-2022-del-24-al-27-de-maig-a-barcelona\/\" \/>\n<meta property=\"og:site_name\" content=\"Radar Process\" \/>\n<meta property=\"article:published_time\" content=\"2022-04-25T14:12:11+00:00\" \/>\n<meta property=\"og:image\" content=\"https:\/\/radarprocess.com\/wp-content\/uploads\/2022\/04\/hispack.jpeg\" \/>\n\t<meta property=\"og:image:width\" content=\"979\" \/>\n\t<meta property=\"og:image:height\" content=\"551\" \/>\n\t<meta property=\"og:image:type\" content=\"image\/jpeg\" \/>\n<meta name=\"author\" content=\"neorg_US\" \/>\n<meta name=\"twitter:card\" content=\"summary_large_image\" \/>\n<meta name=\"twitter:label1\" content=\"Escrit per\" \/>\n\t<meta name=\"twitter:data1\" content=\"neorg_US\" \/>\n<script type=\"application\/ld+json\" class=\"yoast-schema-graph\">{\"@context\":\"https:\/\/schema.org\",\"@graph\":[{\"@type\":\"Article\",\"@id\":\"https:\/\/radarprocess.com\/ca\/visitans-a-hispack-2022-del-24-al-27-de-maig-a-barcelona\/#article\",\"isPartOf\":{\"@id\":\"https:\/\/radarprocess.com\/ca\/visitans-a-hispack-2022-del-24-al-27-de-maig-a-barcelona\/\"},\"author\":{\"name\":\"neorg_US\",\"@id\":\"https:\/\/radarprocess.com\/#\/schema\/person\/765ef37ac377a8fa32ec58773e099de3\"},\"headline\":\"Visita&#8217;ns a Hispack 2022, del 24 al 27 de Maig a Barcelona\",\"datePublished\":\"2022-04-25T14:12:11+00:00\",\"mainEntityOfPage\":{\"@id\":\"https:\/\/radarprocess.com\/ca\/visitans-a-hispack-2022-del-24-al-27-de-maig-a-barcelona\/\"},\"wordCount\":59,\"commentCount\":0,\"publisher\":{\"@id\":\"https:\/\/radarprocess.com\/#organization\"},\"image\":{\"@id\":\"https:\/\/radarprocess.com\/ca\/visitans-a-hispack-2022-del-24-al-27-de-maig-a-barcelona\/#primaryimage\"},\"thumbnailUrl\":\"https:\/\/radarprocess.com\/wp-content\/uploads\/2022\/04\/hispack.jpeg\",\"articleSection\":[\"Sin categor\u00eda\"],\"inLanguage\":\"ca\",\"potentialAction\":[{\"@type\":\"CommentAction\",\"name\":\"Comment\",\"target\":[\"https:\/\/radarprocess.com\/ca\/visitans-a-hispack-2022-del-24-al-27-de-maig-a-barcelona\/#respond\"]}]},{\"@type\":\"WebPage\",\"@id\":\"https:\/\/radarprocess.com\/ca\/visitans-a-hispack-2022-del-24-al-27-de-maig-a-barcelona\/\",\"url\":\"https:\/\/radarprocess.com\/ca\/visitans-a-hispack-2022-del-24-al-27-de-maig-a-barcelona\/\",\"name\":\"Visita'ns a Hispack 2022, del 24 al 27 de Maig a Barcelona Radar Process\",\"isPartOf\":{\"@id\":\"https:\/\/radarprocess.com\/#website\"},\"primaryImageOfPage\":{\"@id\":\"https:\/\/radarprocess.com\/ca\/visitans-a-hispack-2022-del-24-al-27-de-maig-a-barcelona\/#primaryimage\"},\"image\":{\"@id\":\"https:\/\/radarprocess.com\/ca\/visitans-a-hispack-2022-del-24-al-27-de-maig-a-barcelona\/#primaryimage\"},\"thumbnailUrl\":\"https:\/\/radarprocess.com\/wp-content\/uploads\/2022\/04\/hispack.jpeg\",\"datePublished\":\"2022-04-25T14:12:11+00:00\",\"description\":\"Del 24 al 27 de Maig estarem a Fira de Barcelona, \u200b\u200bcompartint estand amb IMCO Process & Packaging una altra de les empreses del grup.\",\"breadcrumb\":{\"@id\":\"https:\/\/radarprocess.com\/ca\/visitans-a-hispack-2022-del-24-al-27-de-maig-a-barcelona\/#breadcrumb\"},\"inLanguage\":\"ca\",\"potentialAction\":[{\"@type\":\"ReadAction\",\"target\":[\"https:\/\/radarprocess.com\/ca\/visitans-a-hispack-2022-del-24-al-27-de-maig-a-barcelona\/\"]}]},{\"@type\":\"ImageObject\",\"inLanguage\":\"ca\",\"@id\":\"https:\/\/radarprocess.com\/ca\/visitans-a-hispack-2022-del-24-al-27-de-maig-a-barcelona\/#primaryimage\",\"url\":\"https:\/\/radarprocess.com\/wp-content\/uploads\/2022\/04\/hispack.jpeg\",\"contentUrl\":\"https:\/\/radarprocess.com\/wp-content\/uploads\/2022\/04\/hispack.jpeg\",\"width\":979,\"height\":551,\"caption\":\"logotipo hispack 2022\"},{\"@type\":\"BreadcrumbList\",\"@id\":\"https:\/\/radarprocess.com\/ca\/visitans-a-hispack-2022-del-24-al-27-de-maig-a-barcelona\/#breadcrumb\",\"itemListElement\":[{\"@type\":\"ListItem\",\"position\":1,\"name\":\"Portada\",\"item\":\"https:\/\/radarprocess.com\/ca\/inici\/\"},{\"@type\":\"ListItem\",\"position\":2,\"name\":\"Visita&#8217;ns a Hispack 2022, del 24 al 27 de Maig a Barcelona\"}]},{\"@type\":\"WebSite\",\"@id\":\"https:\/\/radarprocess.com\/#website\",\"url\":\"https:\/\/radarprocess.com\/\",\"name\":\"Radar Process\",\"description\":\"Transport pneum\u00e0tic, dosificaci\u00f3 s\u00f2lids i sitges emmagatzemades\",\"publisher\":{\"@id\":\"https:\/\/radarprocess.com\/#organization\"},\"alternateName\":\"Radar Process\",\"potentialAction\":[{\"@type\":\"SearchAction\",\"target\":{\"@type\":\"EntryPoint\",\"urlTemplate\":\"https:\/\/radarprocess.com\/?s={search_term_string}\"},\"query-input\":{\"@type\":\"PropertyValueSpecification\",\"valueRequired\":true,\"valueName\":\"search_term_string\"}}],\"inLanguage\":\"ca\"},{\"@type\":\"Organization\",\"@id\":\"https:\/\/radarprocess.com\/#organization\",\"name\":\"Radar Process\",\"alternateName\":\"Radar Process\",\"url\":\"https:\/\/radarprocess.com\/\",\"logo\":{\"@type\":\"ImageObject\",\"inLanguage\":\"ca\",\"@id\":\"https:\/\/radarprocess.com\/#\/schema\/logo\/image\/\",\"url\":\"https:\/\/radarprocess.com\/wp-content\/uploads\/2021\/11\/logo-1.jpg\",\"contentUrl\":\"https:\/\/radarprocess.com\/wp-content\/uploads\/2021\/11\/logo-1.jpg\",\"width\":330,\"height\":96,\"caption\":\"Radar Process\"},\"image\":{\"@id\":\"https:\/\/radarprocess.com\/#\/schema\/logo\/image\/\"},\"sameAs\":[\"https:\/\/www.linkedin.com\/company\/radar-process-sl\/\"]},{\"@type\":\"Person\",\"@id\":\"https:\/\/radarprocess.com\/#\/schema\/person\/765ef37ac377a8fa32ec58773e099de3\",\"name\":\"neorg_US\",\"image\":{\"@type\":\"ImageObject\",\"inLanguage\":\"ca\",\"@id\":\"https:\/\/radarprocess.com\/#\/schema\/person\/image\/\",\"url\":\"https:\/\/secure.gravatar.com\/avatar\/b63926e9b9d0dcf698d6148e42ad55d32fd25573ca6e03571bddf984706f7428?s=96&d=mm&r=g\",\"contentUrl\":\"https:\/\/secure.gravatar.com\/avatar\/b63926e9b9d0dcf698d6148e42ad55d32fd25573ca6e03571bddf984706f7428?s=96&d=mm&r=g\",\"caption\":\"neorg_US\"},\"sameAs\":[\"https:\/\/radarprocess.com\/\"]}]}<\/script>\n<!-- \/ Yoast SEO plugin. -->","yoast_head_json":{"title":"Visita'ns a Hispack 2022, del 24 al 27 de Maig a Barcelona  Radar Process","description":"Del 24 al 27 de Maig estarem a Fira de Barcelona, \u200b\u200bcompartint estand amb IMCO Process & Packaging una altra de les empreses del grup.","robots":{"index":"index","follow":"follow","max-snippet":"max-snippet:-1","max-image-preview":"max-image-preview:large","max-video-preview":"max-video-preview:-1"},"canonical":"https:\/\/radarprocess.com\/ca\/visitans-a-hispack-2022-del-24-al-27-de-maig-a-barcelona\/","og_locale":"ca_ES","og_type":"article","og_title":"Visita'ns a Hispack 2022, del 24 al 27 de Maig a Barcelona  Radar Process","og_description":"Del 24 al 27 de Maig estarem a Fira de Barcelona, \u200b\u200bcompartint estand amb IMCO Process & Packaging una altra de les empreses del grup.","og_url":"https:\/\/radarprocess.com\/ca\/visitans-a-hispack-2022-del-24-al-27-de-maig-a-barcelona\/","og_site_name":"Radar Process","article_published_time":"2022-04-25T14:12:11+00:00","og_image":[{"width":979,"height":551,"url":"https:\/\/radarprocess.com\/wp-content\/uploads\/2022\/04\/hispack.jpeg","type":"image\/jpeg"}],"author":"neorg_US","twitter_card":"summary_large_image","twitter_misc":{"Escrit per":"neorg_US"},"schema":{"@context":"https:\/\/schema.org","@graph":[{"@type":"Article","@id":"https:\/\/radarprocess.com\/ca\/visitans-a-hispack-2022-del-24-al-27-de-maig-a-barcelona\/#article","isPartOf":{"@id":"https:\/\/radarprocess.com\/ca\/visitans-a-hispack-2022-del-24-al-27-de-maig-a-barcelona\/"},"author":{"name":"neorg_US","@id":"https:\/\/radarprocess.com\/#\/schema\/person\/765ef37ac377a8fa32ec58773e099de3"},"headline":"Visita&#8217;ns a Hispack 2022, del 24 al 27 de Maig a Barcelona","datePublished":"2022-04-25T14:12:11+00:00","mainEntityOfPage":{"@id":"https:\/\/radarprocess.com\/ca\/visitans-a-hispack-2022-del-24-al-27-de-maig-a-barcelona\/"},"wordCount":59,"commentCount":0,"publisher":{"@id":"https:\/\/radarprocess.com\/#organization"},"image":{"@id":"https:\/\/radarprocess.com\/ca\/visitans-a-hispack-2022-del-24-al-27-de-maig-a-barcelona\/#primaryimage"},"thumbnailUrl":"https:\/\/radarprocess.com\/wp-content\/uploads\/2022\/04\/hispack.jpeg","articleSection":["Sin categor\u00eda"],"inLanguage":"ca","potentialAction":[{"@type":"CommentAction","name":"Comment","target":["https:\/\/radarprocess.com\/ca\/visitans-a-hispack-2022-del-24-al-27-de-maig-a-barcelona\/#respond"]}]},{"@type":"WebPage","@id":"https:\/\/radarprocess.com\/ca\/visitans-a-hispack-2022-del-24-al-27-de-maig-a-barcelona\/","url":"https:\/\/radarprocess.com\/ca\/visitans-a-hispack-2022-del-24-al-27-de-maig-a-barcelona\/","name":"Visita'ns a Hispack 2022, del 24 al 27 de Maig a Barcelona Radar Process","isPartOf":{"@id":"https:\/\/radarprocess.com\/#website"},"primaryImageOfPage":{"@id":"https:\/\/radarprocess.com\/ca\/visitans-a-hispack-2022-del-24-al-27-de-maig-a-barcelona\/#primaryimage"},"image":{"@id":"https:\/\/radarprocess.com\/ca\/visitans-a-hispack-2022-del-24-al-27-de-maig-a-barcelona\/#primaryimage"},"thumbnailUrl":"https:\/\/radarprocess.com\/wp-content\/uploads\/2022\/04\/hispack.jpeg","datePublished":"2022-04-25T14:12:11+00:00","description":"Del 24 al 27 de Maig estarem a Fira de Barcelona, \u200b\u200bcompartint estand amb IMCO Process & Packaging una altra de les empreses del grup.","breadcrumb":{"@id":"https:\/\/radarprocess.com\/ca\/visitans-a-hispack-2022-del-24-al-27-de-maig-a-barcelona\/#breadcrumb"},"inLanguage":"ca","potentialAction":[{"@type":"ReadAction","target":["https:\/\/radarprocess.com\/ca\/visitans-a-hispack-2022-del-24-al-27-de-maig-a-barcelona\/"]}]},{"@type":"ImageObject","inLanguage":"ca","@id":"https:\/\/radarprocess.com\/ca\/visitans-a-hispack-2022-del-24-al-27-de-maig-a-barcelona\/#primaryimage","url":"https:\/\/radarprocess.com\/wp-content\/uploads\/2022\/04\/hispack.jpeg","contentUrl":"https:\/\/radarprocess.com\/wp-content\/uploads\/2022\/04\/hispack.jpeg","width":979,"height":551,"caption":"logotipo hispack 2022"},{"@type":"BreadcrumbList","@id":"https:\/\/radarprocess.com\/ca\/visitans-a-hispack-2022-del-24-al-27-de-maig-a-barcelona\/#breadcrumb","itemListElement":[{"@type":"ListItem","position":1,"name":"Portada","item":"https:\/\/radarprocess.com\/ca\/inici\/"},{"@type":"ListItem","position":2,"name":"Visita&#8217;ns a Hispack 2022, del 24 al 27 de Maig a Barcelona"}]},{"@type":"WebSite","@id":"https:\/\/radarprocess.com\/#website","url":"https:\/\/radarprocess.com\/","name":"Radar Process","description":"Transport pneum\u00e0tic, dosificaci\u00f3 s\u00f2lids i sitges emmagatzemades","publisher":{"@id":"https:\/\/radarprocess.com\/#organization"},"alternateName":"Radar Process","potentialAction":[{"@type":"SearchAction","target":{"@type":"EntryPoint","urlTemplate":"https:\/\/radarprocess.com\/?s={search_term_string}"},"query-input":{"@type":"PropertyValueSpecification","valueRequired":true,"valueName":"search_term_string"}}],"inLanguage":"ca"},{"@type":"Organization","@id":"https:\/\/radarprocess.com\/#organization","name":"Radar Process","alternateName":"Radar Process","url":"https:\/\/radarprocess.com\/","logo":{"@type":"ImageObject","inLanguage":"ca","@id":"https:\/\/radarprocess.com\/#\/schema\/logo\/image\/","url":"https:\/\/radarprocess.com\/wp-content\/uploads\/2021\/11\/logo-1.jpg","contentUrl":"https:\/\/radarprocess.com\/wp-content\/uploads\/2021\/11\/logo-1.jpg","width":330,"height":96,"caption":"Radar Process"},"image":{"@id":"https:\/\/radarprocess.com\/#\/schema\/logo\/image\/"},"sameAs":["https:\/\/www.linkedin.com\/company\/radar-process-sl\/"]},{"@type":"Person","@id":"https:\/\/radarprocess.com\/#\/schema\/person\/765ef37ac377a8fa32ec58773e099de3","name":"neorg_US","image":{"@type":"ImageObject","inLanguage":"ca","@id":"https:\/\/radarprocess.com\/#\/schema\/person\/image\/","url":"https:\/\/secure.gravatar.com\/avatar\/b63926e9b9d0dcf698d6148e42ad55d32fd25573ca6e03571bddf984706f7428?s=96&d=mm&r=g","contentUrl":"https:\/\/secure.gravatar.com\/avatar\/b63926e9b9d0dcf698d6148e42ad55d32fd25573ca6e03571bddf984706f7428?s=96&d=mm&r=g","caption":"neorg_US"},"sameAs":["https:\/\/radarprocess.com\/"]}]}},"_links":{"self":[{"href":"https:\/\/radarprocess.com\/ca\/wp-json\/wp\/v2\/posts\/5223","targetHints":{"allow":["GET"]}}],"collection":[{"href":"https:\/\/radarprocess.com\/ca\/wp-json\/wp\/v2\/posts"}],"about":[{"href":"https:\/\/radarprocess.com\/ca\/wp-json\/wp\/v2\/types\/post"}],"author":[{"embeddable":true,"href":"https:\/\/radarprocess.com\/ca\/wp-json\/wp\/v2\/users\/1"}],"replies":[{"embeddable":true,"href":"https:\/\/radarprocess.com\/ca\/wp-json\/wp\/v2\/comments?post=5223"}],"version-history":[{"count":0,"href":"https:\/\/radarprocess.com\/ca\/wp-json\/wp\/v2\/posts\/5223\/revisions"}],"wp:featuredmedia":[{"embeddable":true,"href":"https:\/\/radarprocess.com\/ca\/wp-json\/wp\/v2\/media\/5224"}],"wp:attachment":[{"href":"https:\/\/radarprocess.com\/ca\/wp-json\/wp\/v2\/media?parent=5223"}],"wp:term":[{"taxonomy":"category","embeddable":true,"href":"https:\/\/radarprocess.com\/ca\/wp-json\/wp\/v2\/categories?post=5223"},{"taxonomy":"post_tag","embeddable":true,"href":"https:\/\/radarprocess.com\/ca\/wp-json\/wp\/v2\/tags?post=5223"}],"curies":[{"name":"wp","href":"https:\/\/api.w.org\/{rel}","templated":true}]}}