{"id":5270,"date":"2022-02-21T16:05:30","date_gmt":"2022-02-21T15:05:30","guid":{"rendered":"https:\/\/radarprocess.com\/ens-veiem-del-10-al-12-de-maig-a-exposolids\/"},"modified":"2022-02-21T16:05:30","modified_gmt":"2022-02-21T15:05:30","slug":"ens-veiem-del-10-al-12-de-maig-a-exposolids","status":"publish","type":"post","link":"https:\/\/radarprocess.com\/ca\/ens-veiem-del-10-al-12-de-maig-a-exposolids\/","title":{"rendered":"Ens veiem del 10 al 12 de Maig a Expos\u00f2lids"},"content":{"rendered":"<p>T&#8217;esperem al 10\u00e8 sal\u00f3 Internacional de la tecnologia i el processament de s\u00f2lids, del 10 al 12 de Maig al recite de la Farga de l&#8217;Hospitalet a l&#8217;estand E192.<\/p>\n<p> Podr\u00e0s veure les nostres novetats i reunir-te amb els nostres experts per plantejar-los els teus reptes.<\/p>\n<p> T&#8217;esperem!<\/p>\n<p> <a href=\"https:\/\/exposolidos.com\/\">Expos\u00f2lids \u2013 Sal\u00f3 Internacional de la Tecnologia i Processament de S\u00f2lids<\/a><\/p>\n","protected":false},"excerpt":{"rendered":"<p>T&#8217;esperem al 10\u00e8 sal\u00f3 Internacional de la tecnologia i el processament de s\u00f2lids, del 10 al 12 de Maig al recite de la Farga de l&#8217;Hospitalet a l&#8217;estand E192. Podr\u00e0s veure les nostres novetats i reunir-te amb els nostres experts per plantejar-los els teus reptes. T&#8217;esperem! Expos\u00f2lids \u2013 Sal\u00f3 Internacional de la Tecnologia i Processament&hellip;&nbsp;<a href=\"https:\/\/radarprocess.com\/ca\/ens-veiem-del-10-al-12-de-maig-a-exposolids\/\" rel=\"bookmark\"><span class=\"screen-reader-text\">Ens veiem del 10 al 12 de Maig a Expos\u00f2lids<\/span><\/a><\/p>\n","protected":false},"author":1,"featured_media":5271,"comment_status":"open","ping_status":"open","sticky":false,"template":"","format":"standard","meta":{"_acf_changed":false,"neve_meta_sidebar":"","neve_meta_container":"","neve_meta_enable_content_width":"off","neve_meta_content_width":70,"neve_meta_title_alignment":"","neve_meta_author_avatar":"","neve_post_elements_order":"","neve_meta_disable_header":"","neve_meta_disable_footer":"","neve_meta_disable_title":"","footnotes":""},"categories":[30],"tags":[],"class_list":["post-5270","post","type-post","status-publish","format-standard","has-post-thumbnail","hentry","category-sin-categoria"],"acf":[],"yoast_head":"<!-- This site is optimized with the Yoast SEO plugin v26.9 - https:\/\/yoast.com\/product\/yoast-seo-wordpress\/ -->\n<title>Ens veiem del 10 al 12 de Maig a Expos\u00f2lids  Radar Process<\/title>\n<meta name=\"description\" content=\"T&#039;esperem al 10\u00e8 sal\u00f3 Internacional de la tecnologia i el processament de s\u00f2lids, del 10 al 12 de Maig.\" \/>\n<meta name=\"robots\" content=\"index, follow, max-snippet:-1, max-image-preview:large, max-video-preview:-1\" \/>\n<link rel=\"canonical\" href=\"https:\/\/radarprocess.com\/ca\/ens-veiem-del-10-al-12-de-maig-a-exposolids\/\" \/>\n<meta property=\"og:locale\" content=\"ca_ES\" \/>\n<meta property=\"og:type\" content=\"article\" \/>\n<meta property=\"og:title\" content=\"Ens veiem del 10 al 12 de Maig a Expos\u00f2lids  Radar Process\" \/>\n<meta property=\"og:description\" content=\"T&#039;esperem al 10\u00e8 sal\u00f3 Internacional de la tecnologia i el processament de s\u00f2lids, del 10 al 12 de Maig.\" \/>\n<meta property=\"og:url\" content=\"https:\/\/radarprocess.com\/ca\/ens-veiem-del-10-al-12-de-maig-a-exposolids\/\" \/>\n<meta property=\"og:site_name\" content=\"Radar Process\" \/>\n<meta property=\"article:published_time\" content=\"2022-02-21T15:05:30+00:00\" \/>\n<meta property=\"og:image\" content=\"https:\/\/radarprocess.com\/wp-content\/uploads\/2022\/04\/exposolidos-2022-radar.jpg\" \/>\n\t<meta property=\"og:image:width\" content=\"1600\" \/>\n\t<meta property=\"og:image:height\" content=\"700\" \/>\n\t<meta property=\"og:image:type\" content=\"image\/jpeg\" \/>\n<meta name=\"author\" content=\"neorg_US\" \/>\n<meta name=\"twitter:card\" content=\"summary_large_image\" \/>\n<meta name=\"twitter:label1\" content=\"Escrit per\" \/>\n\t<meta name=\"twitter:data1\" content=\"neorg_US\" \/>\n<script type=\"application\/ld+json\" class=\"yoast-schema-graph\">{\"@context\":\"https:\/\/schema.org\",\"@graph\":[{\"@type\":\"Article\",\"@id\":\"https:\/\/radarprocess.com\/ca\/ens-veiem-del-10-al-12-de-maig-a-exposolids\/#article\",\"isPartOf\":{\"@id\":\"https:\/\/radarprocess.com\/ca\/ens-veiem-del-10-al-12-de-maig-a-exposolids\/\"},\"author\":{\"name\":\"neorg_US\",\"@id\":\"https:\/\/radarprocess.com\/#\/schema\/person\/765ef37ac377a8fa32ec58773e099de3\"},\"headline\":\"Ens veiem del 10 al 12 de Maig a Expos\u00f2lids\",\"datePublished\":\"2022-02-21T15:05:30+00:00\",\"mainEntityOfPage\":{\"@id\":\"https:\/\/radarprocess.com\/ca\/ens-veiem-del-10-al-12-de-maig-a-exposolids\/\"},\"wordCount\":70,\"commentCount\":0,\"publisher\":{\"@id\":\"https:\/\/radarprocess.com\/#organization\"},\"image\":{\"@id\":\"https:\/\/radarprocess.com\/ca\/ens-veiem-del-10-al-12-de-maig-a-exposolids\/#primaryimage\"},\"thumbnailUrl\":\"https:\/\/radarprocess.com\/wp-content\/uploads\/2022\/04\/exposolidos-2022-radar.jpg\",\"articleSection\":[\"Sin categor\u00eda\"],\"inLanguage\":\"ca\",\"potentialAction\":[{\"@type\":\"CommentAction\",\"name\":\"Comment\",\"target\":[\"https:\/\/radarprocess.com\/ca\/ens-veiem-del-10-al-12-de-maig-a-exposolids\/#respond\"]}]},{\"@type\":\"WebPage\",\"@id\":\"https:\/\/radarprocess.com\/ca\/ens-veiem-del-10-al-12-de-maig-a-exposolids\/\",\"url\":\"https:\/\/radarprocess.com\/ca\/ens-veiem-del-10-al-12-de-maig-a-exposolids\/\",\"name\":\"Ens veiem del 10 al 12 de Maig a Expos\u00f2lids Radar Process\",\"isPartOf\":{\"@id\":\"https:\/\/radarprocess.com\/#website\"},\"primaryImageOfPage\":{\"@id\":\"https:\/\/radarprocess.com\/ca\/ens-veiem-del-10-al-12-de-maig-a-exposolids\/#primaryimage\"},\"image\":{\"@id\":\"https:\/\/radarprocess.com\/ca\/ens-veiem-del-10-al-12-de-maig-a-exposolids\/#primaryimage\"},\"thumbnailUrl\":\"https:\/\/radarprocess.com\/wp-content\/uploads\/2022\/04\/exposolidos-2022-radar.jpg\",\"datePublished\":\"2022-02-21T15:05:30+00:00\",\"description\":\"T'esperem al 10\u00e8 sal\u00f3 Internacional de la tecnologia i el processament de s\u00f2lids, del 10 al 12 de Maig.\",\"breadcrumb\":{\"@id\":\"https:\/\/radarprocess.com\/ca\/ens-veiem-del-10-al-12-de-maig-a-exposolids\/#breadcrumb\"},\"inLanguage\":\"ca\",\"potentialAction\":[{\"@type\":\"ReadAction\",\"target\":[\"https:\/\/radarprocess.com\/ca\/ens-veiem-del-10-al-12-de-maig-a-exposolids\/\"]}]},{\"@type\":\"ImageObject\",\"inLanguage\":\"ca\",\"@id\":\"https:\/\/radarprocess.com\/ca\/ens-veiem-del-10-al-12-de-maig-a-exposolids\/#primaryimage\",\"url\":\"https:\/\/radarprocess.com\/wp-content\/uploads\/2022\/04\/exposolidos-2022-radar.jpg\",\"contentUrl\":\"https:\/\/radarprocess.com\/wp-content\/uploads\/2022\/04\/exposolidos-2022-radar.jpg\",\"width\":1600,\"height\":700,\"caption\":\"logotipo Expos\u00f3lidos 2022\"},{\"@type\":\"BreadcrumbList\",\"@id\":\"https:\/\/radarprocess.com\/ca\/ens-veiem-del-10-al-12-de-maig-a-exposolids\/#breadcrumb\",\"itemListElement\":[{\"@type\":\"ListItem\",\"position\":1,\"name\":\"Portada\",\"item\":\"https:\/\/radarprocess.com\/ca\/inici\/\"},{\"@type\":\"ListItem\",\"position\":2,\"name\":\"Ens veiem del 10 al 12 de Maig a Expos\u00f2lids\"}]},{\"@type\":\"WebSite\",\"@id\":\"https:\/\/radarprocess.com\/#website\",\"url\":\"https:\/\/radarprocess.com\/\",\"name\":\"Radar Process\",\"description\":\"Transport pneum\u00e0tic, dosificaci\u00f3 s\u00f2lids i sitges emmagatzemades\",\"publisher\":{\"@id\":\"https:\/\/radarprocess.com\/#organization\"},\"alternateName\":\"Radar Process\",\"potentialAction\":[{\"@type\":\"SearchAction\",\"target\":{\"@type\":\"EntryPoint\",\"urlTemplate\":\"https:\/\/radarprocess.com\/?s={search_term_string}\"},\"query-input\":{\"@type\":\"PropertyValueSpecification\",\"valueRequired\":true,\"valueName\":\"search_term_string\"}}],\"inLanguage\":\"ca\"},{\"@type\":\"Organization\",\"@id\":\"https:\/\/radarprocess.com\/#organization\",\"name\":\"Radar Process\",\"alternateName\":\"Radar Process\",\"url\":\"https:\/\/radarprocess.com\/\",\"logo\":{\"@type\":\"ImageObject\",\"inLanguage\":\"ca\",\"@id\":\"https:\/\/radarprocess.com\/#\/schema\/logo\/image\/\",\"url\":\"https:\/\/radarprocess.com\/wp-content\/uploads\/2021\/11\/logo-1.jpg\",\"contentUrl\":\"https:\/\/radarprocess.com\/wp-content\/uploads\/2021\/11\/logo-1.jpg\",\"width\":330,\"height\":96,\"caption\":\"Radar Process\"},\"image\":{\"@id\":\"https:\/\/radarprocess.com\/#\/schema\/logo\/image\/\"},\"sameAs\":[\"https:\/\/www.linkedin.com\/company\/radar-process-sl\/\"]},{\"@type\":\"Person\",\"@id\":\"https:\/\/radarprocess.com\/#\/schema\/person\/765ef37ac377a8fa32ec58773e099de3\",\"name\":\"neorg_US\",\"image\":{\"@type\":\"ImageObject\",\"inLanguage\":\"ca\",\"@id\":\"https:\/\/radarprocess.com\/#\/schema\/person\/image\/\",\"url\":\"https:\/\/secure.gravatar.com\/avatar\/b63926e9b9d0dcf698d6148e42ad55d32fd25573ca6e03571bddf984706f7428?s=96&d=mm&r=g\",\"contentUrl\":\"https:\/\/secure.gravatar.com\/avatar\/b63926e9b9d0dcf698d6148e42ad55d32fd25573ca6e03571bddf984706f7428?s=96&d=mm&r=g\",\"caption\":\"neorg_US\"},\"sameAs\":[\"https:\/\/radarprocess.com\/\"]}]}<\/script>\n<!-- \/ Yoast SEO plugin. -->","yoast_head_json":{"title":"Ens veiem del 10 al 12 de Maig a Expos\u00f2lids  Radar Process","description":"T'esperem al 10\u00e8 sal\u00f3 Internacional de la tecnologia i el processament de s\u00f2lids, del 10 al 12 de Maig.","robots":{"index":"index","follow":"follow","max-snippet":"max-snippet:-1","max-image-preview":"max-image-preview:large","max-video-preview":"max-video-preview:-1"},"canonical":"https:\/\/radarprocess.com\/ca\/ens-veiem-del-10-al-12-de-maig-a-exposolids\/","og_locale":"ca_ES","og_type":"article","og_title":"Ens veiem del 10 al 12 de Maig a Expos\u00f2lids  Radar Process","og_description":"T'esperem al 10\u00e8 sal\u00f3 Internacional de la tecnologia i el processament de s\u00f2lids, del 10 al 12 de Maig.","og_url":"https:\/\/radarprocess.com\/ca\/ens-veiem-del-10-al-12-de-maig-a-exposolids\/","og_site_name":"Radar Process","article_published_time":"2022-02-21T15:05:30+00:00","og_image":[{"width":1600,"height":700,"url":"https:\/\/radarprocess.com\/wp-content\/uploads\/2022\/04\/exposolidos-2022-radar.jpg","type":"image\/jpeg"}],"author":"neorg_US","twitter_card":"summary_large_image","twitter_misc":{"Escrit per":"neorg_US"},"schema":{"@context":"https:\/\/schema.org","@graph":[{"@type":"Article","@id":"https:\/\/radarprocess.com\/ca\/ens-veiem-del-10-al-12-de-maig-a-exposolids\/#article","isPartOf":{"@id":"https:\/\/radarprocess.com\/ca\/ens-veiem-del-10-al-12-de-maig-a-exposolids\/"},"author":{"name":"neorg_US","@id":"https:\/\/radarprocess.com\/#\/schema\/person\/765ef37ac377a8fa32ec58773e099de3"},"headline":"Ens veiem del 10 al 12 de Maig a Expos\u00f2lids","datePublished":"2022-02-21T15:05:30+00:00","mainEntityOfPage":{"@id":"https:\/\/radarprocess.com\/ca\/ens-veiem-del-10-al-12-de-maig-a-exposolids\/"},"wordCount":70,"commentCount":0,"publisher":{"@id":"https:\/\/radarprocess.com\/#organization"},"image":{"@id":"https:\/\/radarprocess.com\/ca\/ens-veiem-del-10-al-12-de-maig-a-exposolids\/#primaryimage"},"thumbnailUrl":"https:\/\/radarprocess.com\/wp-content\/uploads\/2022\/04\/exposolidos-2022-radar.jpg","articleSection":["Sin categor\u00eda"],"inLanguage":"ca","potentialAction":[{"@type":"CommentAction","name":"Comment","target":["https:\/\/radarprocess.com\/ca\/ens-veiem-del-10-al-12-de-maig-a-exposolids\/#respond"]}]},{"@type":"WebPage","@id":"https:\/\/radarprocess.com\/ca\/ens-veiem-del-10-al-12-de-maig-a-exposolids\/","url":"https:\/\/radarprocess.com\/ca\/ens-veiem-del-10-al-12-de-maig-a-exposolids\/","name":"Ens veiem del 10 al 12 de Maig a Expos\u00f2lids Radar Process","isPartOf":{"@id":"https:\/\/radarprocess.com\/#website"},"primaryImageOfPage":{"@id":"https:\/\/radarprocess.com\/ca\/ens-veiem-del-10-al-12-de-maig-a-exposolids\/#primaryimage"},"image":{"@id":"https:\/\/radarprocess.com\/ca\/ens-veiem-del-10-al-12-de-maig-a-exposolids\/#primaryimage"},"thumbnailUrl":"https:\/\/radarprocess.com\/wp-content\/uploads\/2022\/04\/exposolidos-2022-radar.jpg","datePublished":"2022-02-21T15:05:30+00:00","description":"T'esperem al 10\u00e8 sal\u00f3 Internacional de la tecnologia i el processament de s\u00f2lids, del 10 al 12 de Maig.","breadcrumb":{"@id":"https:\/\/radarprocess.com\/ca\/ens-veiem-del-10-al-12-de-maig-a-exposolids\/#breadcrumb"},"inLanguage":"ca","potentialAction":[{"@type":"ReadAction","target":["https:\/\/radarprocess.com\/ca\/ens-veiem-del-10-al-12-de-maig-a-exposolids\/"]}]},{"@type":"ImageObject","inLanguage":"ca","@id":"https:\/\/radarprocess.com\/ca\/ens-veiem-del-10-al-12-de-maig-a-exposolids\/#primaryimage","url":"https:\/\/radarprocess.com\/wp-content\/uploads\/2022\/04\/exposolidos-2022-radar.jpg","contentUrl":"https:\/\/radarprocess.com\/wp-content\/uploads\/2022\/04\/exposolidos-2022-radar.jpg","width":1600,"height":700,"caption":"logotipo Expos\u00f3lidos 2022"},{"@type":"BreadcrumbList","@id":"https:\/\/radarprocess.com\/ca\/ens-veiem-del-10-al-12-de-maig-a-exposolids\/#breadcrumb","itemListElement":[{"@type":"ListItem","position":1,"name":"Portada","item":"https:\/\/radarprocess.com\/ca\/inici\/"},{"@type":"ListItem","position":2,"name":"Ens veiem del 10 al 12 de Maig a Expos\u00f2lids"}]},{"@type":"WebSite","@id":"https:\/\/radarprocess.com\/#website","url":"https:\/\/radarprocess.com\/","name":"Radar Process","description":"Transport pneum\u00e0tic, dosificaci\u00f3 s\u00f2lids i sitges emmagatzemades","publisher":{"@id":"https:\/\/radarprocess.com\/#organization"},"alternateName":"Radar Process","potentialAction":[{"@type":"SearchAction","target":{"@type":"EntryPoint","urlTemplate":"https:\/\/radarprocess.com\/?s={search_term_string}"},"query-input":{"@type":"PropertyValueSpecification","valueRequired":true,"valueName":"search_term_string"}}],"inLanguage":"ca"},{"@type":"Organization","@id":"https:\/\/radarprocess.com\/#organization","name":"Radar Process","alternateName":"Radar Process","url":"https:\/\/radarprocess.com\/","logo":{"@type":"ImageObject","inLanguage":"ca","@id":"https:\/\/radarprocess.com\/#\/schema\/logo\/image\/","url":"https:\/\/radarprocess.com\/wp-content\/uploads\/2021\/11\/logo-1.jpg","contentUrl":"https:\/\/radarprocess.com\/wp-content\/uploads\/2021\/11\/logo-1.jpg","width":330,"height":96,"caption":"Radar Process"},"image":{"@id":"https:\/\/radarprocess.com\/#\/schema\/logo\/image\/"},"sameAs":["https:\/\/www.linkedin.com\/company\/radar-process-sl\/"]},{"@type":"Person","@id":"https:\/\/radarprocess.com\/#\/schema\/person\/765ef37ac377a8fa32ec58773e099de3","name":"neorg_US","image":{"@type":"ImageObject","inLanguage":"ca","@id":"https:\/\/radarprocess.com\/#\/schema\/person\/image\/","url":"https:\/\/secure.gravatar.com\/avatar\/b63926e9b9d0dcf698d6148e42ad55d32fd25573ca6e03571bddf984706f7428?s=96&d=mm&r=g","contentUrl":"https:\/\/secure.gravatar.com\/avatar\/b63926e9b9d0dcf698d6148e42ad55d32fd25573ca6e03571bddf984706f7428?s=96&d=mm&r=g","caption":"neorg_US"},"sameAs":["https:\/\/radarprocess.com\/"]}]}},"_links":{"self":[{"href":"https:\/\/radarprocess.com\/ca\/wp-json\/wp\/v2\/posts\/5270","targetHints":{"allow":["GET"]}}],"collection":[{"href":"https:\/\/radarprocess.com\/ca\/wp-json\/wp\/v2\/posts"}],"about":[{"href":"https:\/\/radarprocess.com\/ca\/wp-json\/wp\/v2\/types\/post"}],"author":[{"embeddable":true,"href":"https:\/\/radarprocess.com\/ca\/wp-json\/wp\/v2\/users\/1"}],"replies":[{"embeddable":true,"href":"https:\/\/radarprocess.com\/ca\/wp-json\/wp\/v2\/comments?post=5270"}],"version-history":[{"count":0,"href":"https:\/\/radarprocess.com\/ca\/wp-json\/wp\/v2\/posts\/5270\/revisions"}],"wp:featuredmedia":[{"embeddable":true,"href":"https:\/\/radarprocess.com\/ca\/wp-json\/wp\/v2\/media\/5271"}],"wp:attachment":[{"href":"https:\/\/radarprocess.com\/ca\/wp-json\/wp\/v2\/media?parent=5270"}],"wp:term":[{"taxonomy":"category","embeddable":true,"href":"https:\/\/radarprocess.com\/ca\/wp-json\/wp\/v2\/categories?post=5270"},{"taxonomy":"post_tag","embeddable":true,"href":"https:\/\/radarprocess.com\/ca\/wp-json\/wp\/v2\/tags?post=5270"}],"curies":[{"name":"wp","href":"https:\/\/api.w.org\/{rel}","templated":true}]}}