{"id":5398,"date":"2023-03-09T15:54:30","date_gmt":"2023-03-09T14:54:30","guid":{"rendered":"https:\/\/radarprocess.com\/us-esperem-a-interpack-2023\/"},"modified":"2023-03-09T15:54:30","modified_gmt":"2023-03-09T14:54:30","slug":"us-esperem-a-interpack-2023","status":"publish","type":"post","link":"https:\/\/radarprocess.com\/ca\/us-esperem-a-interpack-2023\/","title":{"rendered":"Us esperem a Interpack 2023!"},"content":{"rendered":"<p>Sal\u00f3 internacional de Proc\u00e9s i Envasat<\/p>\n<p>Del 4 al 10 de maig del 2023<\/p>\n<p>D\u00fcsseldorf. Alemanya <\/p>\n<p>A causa de la situaci\u00f3 extraordin\u00e0ria causada per la Covid-19, l&#8217;edici\u00f3 d&#8217;Interpack 2021 ha estat cancel\u00b7lada, saltant directament a l&#8217;edici\u00f3 del 2023. Del 4 al 10 de maig del 2023, tindr\u00e0 lloc a la ciutat alemanya de D\u00fcsseldorf, la nova edici\u00f3 de la fira internacional sobre proc\u00e9s i envasat m\u00e9s important a nivell mundial. <\/p>\n<p>Com en edicions anteriors, Radar Process estar\u00e0 present com a expositor i comptarem amb un estand de 91 m2 on exposarem com a mostra de les nostres solucions per a manipulaci\u00f3 d&#8217;ingredients un equip per a dosificaci\u00f3 de micro-ingredients automatitzat i adaptat als nous temps de la ind\u00fastria 4.0.<\/p>\n<p>Com \u00e9s habitual, aprofitarem per saludar els nostres clients i rebre tots aquells professionals del sector interessats en les nostres solucions.<\/p>\n<p>El nostre espai estar\u00e0 situat al pavell\u00f3 1, estand B86.<\/p>\n<p>Confiem en poder saludar-vos personalment a Interpack 2023. Us esperem! <\/p>\n","protected":false},"excerpt":{"rendered":"<p>Sal\u00f3 internacional de Proc\u00e9s i Envasat Del 4 al 10 de maig del 2023 D\u00fcsseldorf. Alemanya A causa de la situaci\u00f3 extraordin\u00e0ria causada per la Covid-19, l&#8217;edici\u00f3 d&#8217;Interpack 2021 ha estat cancel\u00b7lada, saltant directament a l&#8217;edici\u00f3 del 2023. Del 4 al 10 de maig del 2023, tindr\u00e0 lloc a la ciutat alemanya de D\u00fcsseldorf, la&hellip;&nbsp;<a href=\"https:\/\/radarprocess.com\/ca\/us-esperem-a-interpack-2023\/\" rel=\"bookmark\"><span class=\"screen-reader-text\">Us esperem a Interpack 2023!<\/span><\/a><\/p>\n","protected":false},"author":1,"featured_media":5400,"comment_status":"open","ping_status":"open","sticky":false,"template":"","format":"standard","meta":{"_acf_changed":false,"neve_meta_sidebar":"","neve_meta_container":"","neve_meta_enable_content_width":"off","neve_meta_content_width":70,"neve_meta_title_alignment":"","neve_meta_author_avatar":"","neve_post_elements_order":"","neve_meta_disable_header":"","neve_meta_disable_footer":"","neve_meta_disable_title":"","footnotes":""},"categories":[30],"tags":[],"class_list":["post-5398","post","type-post","status-publish","format-standard","has-post-thumbnail","hentry","category-sin-categoria"],"acf":[],"yoast_head":"<!-- This site is optimized with the Yoast SEO plugin v26.9 - https:\/\/yoast.com\/product\/yoast-seo-wordpress\/ -->\n<title>Us esperem a Interpack 2023!  Radar Process<\/title>\n<meta name=\"description\" content=\"Radar Process ser\u00e0 present com a expositor on exposarem la mostra de les nostres solucions per a manipulaci\u00f3 d&#039;ingredients.\" \/>\n<meta name=\"robots\" content=\"index, follow, max-snippet:-1, max-image-preview:large, max-video-preview:-1\" \/>\n<link rel=\"canonical\" href=\"https:\/\/radarprocess.com\/ca\/us-esperem-a-interpack-2023\/\" \/>\n<meta property=\"og:locale\" content=\"ca_ES\" \/>\n<meta property=\"og:type\" content=\"article\" \/>\n<meta property=\"og:title\" content=\"Us esperem a Interpack 2023!  Radar Process\" \/>\n<meta property=\"og:description\" content=\"Radar Process ser\u00e0 present com a expositor on exposarem la mostra de les nostres solucions per a manipulaci\u00f3 d&#039;ingredients.\" \/>\n<meta property=\"og:url\" content=\"https:\/\/radarprocess.com\/ca\/us-esperem-a-interpack-2023\/\" \/>\n<meta property=\"og:site_name\" content=\"Radar Process\" \/>\n<meta property=\"article:published_time\" content=\"2023-03-09T14:54:30+00:00\" \/>\n<meta property=\"og:image\" content=\"https:\/\/radarprocess.com\/wp-content\/uploads\/2022\/04\/Interpack-2023-nueva-fecha-TF.jpg\" \/>\n\t<meta property=\"og:image:width\" content=\"784\" \/>\n\t<meta property=\"og:image:height\" content=\"413\" \/>\n\t<meta property=\"og:image:type\" content=\"image\/jpeg\" \/>\n<meta name=\"author\" content=\"neorg_US\" \/>\n<meta name=\"twitter:card\" content=\"summary_large_image\" \/>\n<meta name=\"twitter:label1\" content=\"Escrit per\" \/>\n\t<meta name=\"twitter:data1\" content=\"neorg_US\" \/>\n\t<meta name=\"twitter:label2\" content=\"Temps estimat de lectura\" \/>\n\t<meta name=\"twitter:data2\" content=\"1 minut\" \/>\n<script type=\"application\/ld+json\" class=\"yoast-schema-graph\">{\"@context\":\"https:\/\/schema.org\",\"@graph\":[{\"@type\":\"Article\",\"@id\":\"https:\/\/radarprocess.com\/ca\/us-esperem-a-interpack-2023\/#article\",\"isPartOf\":{\"@id\":\"https:\/\/radarprocess.com\/ca\/us-esperem-a-interpack-2023\/\"},\"author\":{\"name\":\"neorg_US\",\"@id\":\"https:\/\/radarprocess.com\/#\/schema\/person\/765ef37ac377a8fa32ec58773e099de3\"},\"headline\":\"Us esperem a Interpack 2023!\",\"datePublished\":\"2023-03-09T14:54:30+00:00\",\"mainEntityOfPage\":{\"@id\":\"https:\/\/radarprocess.com\/ca\/us-esperem-a-interpack-2023\/\"},\"wordCount\":164,\"commentCount\":0,\"publisher\":{\"@id\":\"https:\/\/radarprocess.com\/#organization\"},\"image\":{\"@id\":\"https:\/\/radarprocess.com\/ca\/us-esperem-a-interpack-2023\/#primaryimage\"},\"thumbnailUrl\":\"https:\/\/radarprocess.com\/wp-content\/uploads\/2022\/04\/Interpack-2023-nueva-fecha-TF.jpg\",\"articleSection\":[\"Sin categor\u00eda\"],\"inLanguage\":\"ca\",\"potentialAction\":[{\"@type\":\"CommentAction\",\"name\":\"Comment\",\"target\":[\"https:\/\/radarprocess.com\/ca\/us-esperem-a-interpack-2023\/#respond\"]}]},{\"@type\":\"WebPage\",\"@id\":\"https:\/\/radarprocess.com\/ca\/us-esperem-a-interpack-2023\/\",\"url\":\"https:\/\/radarprocess.com\/ca\/us-esperem-a-interpack-2023\/\",\"name\":\"Us esperem a Interpack 2023! Radar Process\",\"isPartOf\":{\"@id\":\"https:\/\/radarprocess.com\/#website\"},\"primaryImageOfPage\":{\"@id\":\"https:\/\/radarprocess.com\/ca\/us-esperem-a-interpack-2023\/#primaryimage\"},\"image\":{\"@id\":\"https:\/\/radarprocess.com\/ca\/us-esperem-a-interpack-2023\/#primaryimage\"},\"thumbnailUrl\":\"https:\/\/radarprocess.com\/wp-content\/uploads\/2022\/04\/Interpack-2023-nueva-fecha-TF.jpg\",\"datePublished\":\"2023-03-09T14:54:30+00:00\",\"description\":\"Radar Process ser\u00e0 present com a expositor on exposarem la mostra de les nostres solucions per a manipulaci\u00f3 d'ingredients.\",\"breadcrumb\":{\"@id\":\"https:\/\/radarprocess.com\/ca\/us-esperem-a-interpack-2023\/#breadcrumb\"},\"inLanguage\":\"ca\",\"potentialAction\":[{\"@type\":\"ReadAction\",\"target\":[\"https:\/\/radarprocess.com\/ca\/us-esperem-a-interpack-2023\/\"]}]},{\"@type\":\"ImageObject\",\"inLanguage\":\"ca\",\"@id\":\"https:\/\/radarprocess.com\/ca\/us-esperem-a-interpack-2023\/#primaryimage\",\"url\":\"https:\/\/radarprocess.com\/wp-content\/uploads\/2022\/04\/Interpack-2023-nueva-fecha-TF.jpg\",\"contentUrl\":\"https:\/\/radarprocess.com\/wp-content\/uploads\/2022\/04\/Interpack-2023-nueva-fecha-TF.jpg\",\"width\":784,\"height\":413,\"caption\":\"Interpack 2023\"},{\"@type\":\"BreadcrumbList\",\"@id\":\"https:\/\/radarprocess.com\/ca\/us-esperem-a-interpack-2023\/#breadcrumb\",\"itemListElement\":[{\"@type\":\"ListItem\",\"position\":1,\"name\":\"Portada\",\"item\":\"https:\/\/radarprocess.com\/ca\/inici\/\"},{\"@type\":\"ListItem\",\"position\":2,\"name\":\"Us esperem a Interpack 2023!\"}]},{\"@type\":\"WebSite\",\"@id\":\"https:\/\/radarprocess.com\/#website\",\"url\":\"https:\/\/radarprocess.com\/\",\"name\":\"Radar Process\",\"description\":\"Transport pneum\u00e0tic, dosificaci\u00f3 s\u00f2lids i sitges emmagatzemades\",\"publisher\":{\"@id\":\"https:\/\/radarprocess.com\/#organization\"},\"alternateName\":\"Radar Process\",\"potentialAction\":[{\"@type\":\"SearchAction\",\"target\":{\"@type\":\"EntryPoint\",\"urlTemplate\":\"https:\/\/radarprocess.com\/?s={search_term_string}\"},\"query-input\":{\"@type\":\"PropertyValueSpecification\",\"valueRequired\":true,\"valueName\":\"search_term_string\"}}],\"inLanguage\":\"ca\"},{\"@type\":\"Organization\",\"@id\":\"https:\/\/radarprocess.com\/#organization\",\"name\":\"Radar Process\",\"alternateName\":\"Radar Process\",\"url\":\"https:\/\/radarprocess.com\/\",\"logo\":{\"@type\":\"ImageObject\",\"inLanguage\":\"ca\",\"@id\":\"https:\/\/radarprocess.com\/#\/schema\/logo\/image\/\",\"url\":\"https:\/\/radarprocess.com\/wp-content\/uploads\/2021\/11\/logo-1.jpg\",\"contentUrl\":\"https:\/\/radarprocess.com\/wp-content\/uploads\/2021\/11\/logo-1.jpg\",\"width\":330,\"height\":96,\"caption\":\"Radar Process\"},\"image\":{\"@id\":\"https:\/\/radarprocess.com\/#\/schema\/logo\/image\/\"},\"sameAs\":[\"https:\/\/www.linkedin.com\/company\/radar-process-sl\/\"]},{\"@type\":\"Person\",\"@id\":\"https:\/\/radarprocess.com\/#\/schema\/person\/765ef37ac377a8fa32ec58773e099de3\",\"name\":\"neorg_US\",\"image\":{\"@type\":\"ImageObject\",\"inLanguage\":\"ca\",\"@id\":\"https:\/\/radarprocess.com\/#\/schema\/person\/image\/\",\"url\":\"https:\/\/secure.gravatar.com\/avatar\/b63926e9b9d0dcf698d6148e42ad55d32fd25573ca6e03571bddf984706f7428?s=96&d=mm&r=g\",\"contentUrl\":\"https:\/\/secure.gravatar.com\/avatar\/b63926e9b9d0dcf698d6148e42ad55d32fd25573ca6e03571bddf984706f7428?s=96&d=mm&r=g\",\"caption\":\"neorg_US\"},\"sameAs\":[\"https:\/\/radarprocess.com\/\"]}]}<\/script>\n<!-- \/ Yoast SEO plugin. -->","yoast_head_json":{"title":"Us esperem a Interpack 2023!  Radar Process","description":"Radar Process ser\u00e0 present com a expositor on exposarem la mostra de les nostres solucions per a manipulaci\u00f3 d'ingredients.","robots":{"index":"index","follow":"follow","max-snippet":"max-snippet:-1","max-image-preview":"max-image-preview:large","max-video-preview":"max-video-preview:-1"},"canonical":"https:\/\/radarprocess.com\/ca\/us-esperem-a-interpack-2023\/","og_locale":"ca_ES","og_type":"article","og_title":"Us esperem a Interpack 2023!  Radar Process","og_description":"Radar Process ser\u00e0 present com a expositor on exposarem la mostra de les nostres solucions per a manipulaci\u00f3 d'ingredients.","og_url":"https:\/\/radarprocess.com\/ca\/us-esperem-a-interpack-2023\/","og_site_name":"Radar Process","article_published_time":"2023-03-09T14:54:30+00:00","og_image":[{"width":784,"height":413,"url":"https:\/\/radarprocess.com\/wp-content\/uploads\/2022\/04\/Interpack-2023-nueva-fecha-TF.jpg","type":"image\/jpeg"}],"author":"neorg_US","twitter_card":"summary_large_image","twitter_misc":{"Escrit per":"neorg_US","Temps estimat de lectura":"1 minut"},"schema":{"@context":"https:\/\/schema.org","@graph":[{"@type":"Article","@id":"https:\/\/radarprocess.com\/ca\/us-esperem-a-interpack-2023\/#article","isPartOf":{"@id":"https:\/\/radarprocess.com\/ca\/us-esperem-a-interpack-2023\/"},"author":{"name":"neorg_US","@id":"https:\/\/radarprocess.com\/#\/schema\/person\/765ef37ac377a8fa32ec58773e099de3"},"headline":"Us esperem a Interpack 2023!","datePublished":"2023-03-09T14:54:30+00:00","mainEntityOfPage":{"@id":"https:\/\/radarprocess.com\/ca\/us-esperem-a-interpack-2023\/"},"wordCount":164,"commentCount":0,"publisher":{"@id":"https:\/\/radarprocess.com\/#organization"},"image":{"@id":"https:\/\/radarprocess.com\/ca\/us-esperem-a-interpack-2023\/#primaryimage"},"thumbnailUrl":"https:\/\/radarprocess.com\/wp-content\/uploads\/2022\/04\/Interpack-2023-nueva-fecha-TF.jpg","articleSection":["Sin categor\u00eda"],"inLanguage":"ca","potentialAction":[{"@type":"CommentAction","name":"Comment","target":["https:\/\/radarprocess.com\/ca\/us-esperem-a-interpack-2023\/#respond"]}]},{"@type":"WebPage","@id":"https:\/\/radarprocess.com\/ca\/us-esperem-a-interpack-2023\/","url":"https:\/\/radarprocess.com\/ca\/us-esperem-a-interpack-2023\/","name":"Us esperem a Interpack 2023! Radar Process","isPartOf":{"@id":"https:\/\/radarprocess.com\/#website"},"primaryImageOfPage":{"@id":"https:\/\/radarprocess.com\/ca\/us-esperem-a-interpack-2023\/#primaryimage"},"image":{"@id":"https:\/\/radarprocess.com\/ca\/us-esperem-a-interpack-2023\/#primaryimage"},"thumbnailUrl":"https:\/\/radarprocess.com\/wp-content\/uploads\/2022\/04\/Interpack-2023-nueva-fecha-TF.jpg","datePublished":"2023-03-09T14:54:30+00:00","description":"Radar Process ser\u00e0 present com a expositor on exposarem la mostra de les nostres solucions per a manipulaci\u00f3 d'ingredients.","breadcrumb":{"@id":"https:\/\/radarprocess.com\/ca\/us-esperem-a-interpack-2023\/#breadcrumb"},"inLanguage":"ca","potentialAction":[{"@type":"ReadAction","target":["https:\/\/radarprocess.com\/ca\/us-esperem-a-interpack-2023\/"]}]},{"@type":"ImageObject","inLanguage":"ca","@id":"https:\/\/radarprocess.com\/ca\/us-esperem-a-interpack-2023\/#primaryimage","url":"https:\/\/radarprocess.com\/wp-content\/uploads\/2022\/04\/Interpack-2023-nueva-fecha-TF.jpg","contentUrl":"https:\/\/radarprocess.com\/wp-content\/uploads\/2022\/04\/Interpack-2023-nueva-fecha-TF.jpg","width":784,"height":413,"caption":"Interpack 2023"},{"@type":"BreadcrumbList","@id":"https:\/\/radarprocess.com\/ca\/us-esperem-a-interpack-2023\/#breadcrumb","itemListElement":[{"@type":"ListItem","position":1,"name":"Portada","item":"https:\/\/radarprocess.com\/ca\/inici\/"},{"@type":"ListItem","position":2,"name":"Us esperem a Interpack 2023!"}]},{"@type":"WebSite","@id":"https:\/\/radarprocess.com\/#website","url":"https:\/\/radarprocess.com\/","name":"Radar Process","description":"Transport pneum\u00e0tic, dosificaci\u00f3 s\u00f2lids i sitges emmagatzemades","publisher":{"@id":"https:\/\/radarprocess.com\/#organization"},"alternateName":"Radar Process","potentialAction":[{"@type":"SearchAction","target":{"@type":"EntryPoint","urlTemplate":"https:\/\/radarprocess.com\/?s={search_term_string}"},"query-input":{"@type":"PropertyValueSpecification","valueRequired":true,"valueName":"search_term_string"}}],"inLanguage":"ca"},{"@type":"Organization","@id":"https:\/\/radarprocess.com\/#organization","name":"Radar Process","alternateName":"Radar Process","url":"https:\/\/radarprocess.com\/","logo":{"@type":"ImageObject","inLanguage":"ca","@id":"https:\/\/radarprocess.com\/#\/schema\/logo\/image\/","url":"https:\/\/radarprocess.com\/wp-content\/uploads\/2021\/11\/logo-1.jpg","contentUrl":"https:\/\/radarprocess.com\/wp-content\/uploads\/2021\/11\/logo-1.jpg","width":330,"height":96,"caption":"Radar Process"},"image":{"@id":"https:\/\/radarprocess.com\/#\/schema\/logo\/image\/"},"sameAs":["https:\/\/www.linkedin.com\/company\/radar-process-sl\/"]},{"@type":"Person","@id":"https:\/\/radarprocess.com\/#\/schema\/person\/765ef37ac377a8fa32ec58773e099de3","name":"neorg_US","image":{"@type":"ImageObject","inLanguage":"ca","@id":"https:\/\/radarprocess.com\/#\/schema\/person\/image\/","url":"https:\/\/secure.gravatar.com\/avatar\/b63926e9b9d0dcf698d6148e42ad55d32fd25573ca6e03571bddf984706f7428?s=96&d=mm&r=g","contentUrl":"https:\/\/secure.gravatar.com\/avatar\/b63926e9b9d0dcf698d6148e42ad55d32fd25573ca6e03571bddf984706f7428?s=96&d=mm&r=g","caption":"neorg_US"},"sameAs":["https:\/\/radarprocess.com\/"]}]}},"_links":{"self":[{"href":"https:\/\/radarprocess.com\/ca\/wp-json\/wp\/v2\/posts\/5398","targetHints":{"allow":["GET"]}}],"collection":[{"href":"https:\/\/radarprocess.com\/ca\/wp-json\/wp\/v2\/posts"}],"about":[{"href":"https:\/\/radarprocess.com\/ca\/wp-json\/wp\/v2\/types\/post"}],"author":[{"embeddable":true,"href":"https:\/\/radarprocess.com\/ca\/wp-json\/wp\/v2\/users\/1"}],"replies":[{"embeddable":true,"href":"https:\/\/radarprocess.com\/ca\/wp-json\/wp\/v2\/comments?post=5398"}],"version-history":[{"count":0,"href":"https:\/\/radarprocess.com\/ca\/wp-json\/wp\/v2\/posts\/5398\/revisions"}],"wp:featuredmedia":[{"embeddable":true,"href":"https:\/\/radarprocess.com\/ca\/wp-json\/wp\/v2\/media\/5400"}],"wp:attachment":[{"href":"https:\/\/radarprocess.com\/ca\/wp-json\/wp\/v2\/media?parent=5398"}],"wp:term":[{"taxonomy":"category","embeddable":true,"href":"https:\/\/radarprocess.com\/ca\/wp-json\/wp\/v2\/categories?post=5398"},{"taxonomy":"post_tag","embeddable":true,"href":"https:\/\/radarprocess.com\/ca\/wp-json\/wp\/v2\/tags?post=5398"}],"curies":[{"name":"wp","href":"https:\/\/api.w.org\/{rel}","templated":true}]}}