{"id":3272,"date":"2022-07-29T15:55:50","date_gmt":"2022-07-29T13:55:50","guid":{"rendered":"https:\/\/radarprocess.com\/radar-estara-presente-en-andina-pack-del-9-al-12-de-noviembre\/"},"modified":"2023-06-22T16:29:00","modified_gmt":"2023-06-22T14:29:00","slug":"radar-estara-presente-en-andina-pack-del-9-al-12-de-noviembre","status":"publish","type":"post","link":"https:\/\/radarprocess.com\/en\/radar-estara-presente-en-andina-pack-del-9-al-12-de-noviembre\/","title":{"rendered":"Radar estar\u00e1 presente en Andina Pack del 9 al 12 de Noviembre"},"content":{"rendered":"<p>Bogot\u00e1, Colombia.<\/p>\n<p>Es la exhibici\u00f3n internacional de productos, equipos y sistemas asociados al envase, empaque, embalaje y tecnolog\u00edas de punta para la industria de procesamiento de alimentos y bebidas, farmac\u00e9utica, cosm\u00e9tica e higiene personal, agroindustria.<\/p>\n<p>Nos podr\u00e9is encontrar en el stand de nuestro representante en Colombia, SOLTECAL.<\/p>\n<p>Confiamos en poder saludaros personalmente. \u00a1Os esperamos!<\/p>\n","protected":false},"excerpt":{"rendered":"<p>Bogot\u00e1, Colombia. Es la exhibici\u00f3n internacional de productos, equipos y sistemas asociados al envase, empaque, embalaje y tecnolog\u00edas de punta para la industria de procesamiento de alimentos y bebidas, farmac\u00e9utica, cosm\u00e9tica e higiene personal, agroindustria. Nos podr\u00e9is encontrar en el stand de nuestro representante en Colombia, SOLTECAL. Confiamos en poder saludaros personalmente. \u00a1Os esperamos!<\/p>\n","protected":false},"author":1,"featured_media":2881,"comment_status":"open","ping_status":"open","sticky":false,"template":"","format":"standard","meta":{"_acf_changed":false,"neve_meta_sidebar":"","neve_meta_container":"","neve_meta_enable_content_width":"off","neve_meta_content_width":70,"neve_meta_title_alignment":"","neve_meta_author_avatar":"","neve_post_elements_order":"","neve_meta_disable_header":"","neve_meta_disable_footer":"","neve_meta_disable_title":"","footnotes":""},"categories":[10],"tags":[],"class_list":["post-3272","post","type-post","status-publish","format-standard","has-post-thumbnail","hentry","category-uncategorized"],"acf":[],"yoast_head":"<!-- This site is optimized with the Yoast SEO plugin v26.9 - https:\/\/yoast.com\/product\/yoast-seo-wordpress\/ -->\n<title>Radar estar\u00e1 presente en Andina Pack del 9 al 12 de Noviembre | Radar Process<\/title>\n<meta name=\"description\" content=\"You can find us at the stand of our representative in Colombia, SOLTECAL.We hope to be able to greet you personally. We wait for you!\" \/>\n<meta name=\"robots\" content=\"index, follow, max-snippet:-1, max-image-preview:large, max-video-preview:-1\" \/>\n<link rel=\"canonical\" href=\"https:\/\/radarprocess.com\/en\/radar-estara-presente-en-andina-pack-del-9-al-12-de-noviembre\/\" \/>\n<meta property=\"og:locale\" content=\"en_US\" \/>\n<meta property=\"og:type\" content=\"article\" \/>\n<meta property=\"og:title\" content=\"Radar estar\u00e1 presente en Andina Pack del 9 al 12 de Noviembre | Radar Process\" \/>\n<meta property=\"og:description\" content=\"You can find us at the stand of our representative in Colombia, SOLTECAL.We hope to be able to greet you personally. We wait for you!\" \/>\n<meta property=\"og:url\" content=\"https:\/\/radarprocess.com\/en\/radar-estara-presente-en-andina-pack-del-9-al-12-de-noviembre\/\" \/>\n<meta property=\"og:site_name\" content=\"Radar Process\" \/>\n<meta property=\"article:published_time\" content=\"2022-07-29T13:55:50+00:00\" \/>\n<meta property=\"article:modified_time\" content=\"2023-06-22T14:29:00+00:00\" \/>\n<meta property=\"og:image\" content=\"https:\/\/radarprocess.com\/wp-content\/uploads\/2022\/04\/andina-pack-14.jpg\" \/>\n\t<meta property=\"og:image:width\" content=\"1200\" \/>\n\t<meta property=\"og:image:height\" content=\"800\" \/>\n\t<meta property=\"og:image:type\" content=\"image\/jpeg\" \/>\n<meta name=\"author\" content=\"neorg_US\" \/>\n<meta name=\"twitter:card\" content=\"summary_large_image\" \/>\n<meta name=\"twitter:label1\" content=\"Written by\" \/>\n\t<meta name=\"twitter:data1\" content=\"neorg_US\" \/>\n\t<meta name=\"twitter:label2\" content=\"Est. reading time\" \/>\n\t<meta name=\"twitter:data2\" content=\"1 minute\" \/>\n<script type=\"application\/ld+json\" class=\"yoast-schema-graph\">{\"@context\":\"https:\/\/schema.org\",\"@graph\":[{\"@type\":\"Article\",\"@id\":\"https:\/\/radarprocess.com\/en\/radar-estara-presente-en-andina-pack-del-9-al-12-de-noviembre\/#article\",\"isPartOf\":{\"@id\":\"https:\/\/radarprocess.com\/en\/radar-estara-presente-en-andina-pack-del-9-al-12-de-noviembre\/\"},\"author\":{\"name\":\"neorg_US\",\"@id\":\"https:\/\/radarprocess.com\/#\/schema\/person\/765ef37ac377a8fa32ec58773e099de3\"},\"headline\":\"Radar estar\u00e1 presente en Andina Pack del 9 al 12 de Noviembre\",\"datePublished\":\"2022-07-29T13:55:50+00:00\",\"dateModified\":\"2023-06-22T14:29:00+00:00\",\"mainEntityOfPage\":{\"@id\":\"https:\/\/radarprocess.com\/en\/radar-estara-presente-en-andina-pack-del-9-al-12-de-noviembre\/\"},\"wordCount\":69,\"commentCount\":0,\"publisher\":{\"@id\":\"https:\/\/radarprocess.com\/#organization\"},\"image\":{\"@id\":\"https:\/\/radarprocess.com\/en\/radar-estara-presente-en-andina-pack-del-9-al-12-de-noviembre\/#primaryimage\"},\"thumbnailUrl\":\"https:\/\/radarprocess.com\/wp-content\/uploads\/2022\/04\/andina-pack-14.jpg\",\"inLanguage\":\"en-US\",\"potentialAction\":[{\"@type\":\"CommentAction\",\"name\":\"Comment\",\"target\":[\"https:\/\/radarprocess.com\/en\/radar-estara-presente-en-andina-pack-del-9-al-12-de-noviembre\/#respond\"]}]},{\"@type\":\"WebPage\",\"@id\":\"https:\/\/radarprocess.com\/en\/radar-estara-presente-en-andina-pack-del-9-al-12-de-noviembre\/\",\"url\":\"https:\/\/radarprocess.com\/en\/radar-estara-presente-en-andina-pack-del-9-al-12-de-noviembre\/\",\"name\":\"Radar estar\u00e1 presente en Andina Pack del 9 al 12 de Noviembre | Radar Process\",\"isPartOf\":{\"@id\":\"https:\/\/radarprocess.com\/#website\"},\"primaryImageOfPage\":{\"@id\":\"https:\/\/radarprocess.com\/en\/radar-estara-presente-en-andina-pack-del-9-al-12-de-noviembre\/#primaryimage\"},\"image\":{\"@id\":\"https:\/\/radarprocess.com\/en\/radar-estara-presente-en-andina-pack-del-9-al-12-de-noviembre\/#primaryimage\"},\"thumbnailUrl\":\"https:\/\/radarprocess.com\/wp-content\/uploads\/2022\/04\/andina-pack-14.jpg\",\"datePublished\":\"2022-07-29T13:55:50+00:00\",\"dateModified\":\"2023-06-22T14:29:00+00:00\",\"description\":\"You can find us at the stand of our representative in Colombia, SOLTECAL.We hope to be able to greet you personally. We wait for you!\",\"breadcrumb\":{\"@id\":\"https:\/\/radarprocess.com\/en\/radar-estara-presente-en-andina-pack-del-9-al-12-de-noviembre\/#breadcrumb\"},\"inLanguage\":\"en-US\",\"potentialAction\":[{\"@type\":\"ReadAction\",\"target\":[\"https:\/\/radarprocess.com\/en\/radar-estara-presente-en-andina-pack-del-9-al-12-de-noviembre\/\"]}]},{\"@type\":\"ImageObject\",\"inLanguage\":\"en-US\",\"@id\":\"https:\/\/radarprocess.com\/en\/radar-estara-presente-en-andina-pack-del-9-al-12-de-noviembre\/#primaryimage\",\"url\":\"https:\/\/radarprocess.com\/wp-content\/uploads\/2022\/04\/andina-pack-14.jpg\",\"contentUrl\":\"https:\/\/radarprocess.com\/wp-content\/uploads\/2022\/04\/andina-pack-14.jpg\",\"width\":1200,\"height\":800,\"caption\":\"feria andina pack\"},{\"@type\":\"BreadcrumbList\",\"@id\":\"https:\/\/radarprocess.com\/en\/radar-estara-presente-en-andina-pack-del-9-al-12-de-noviembre\/#breadcrumb\",\"itemListElement\":[{\"@type\":\"ListItem\",\"position\":1,\"name\":\"Portada\",\"item\":\"https:\/\/radarprocess.com\/en\/\"},{\"@type\":\"ListItem\",\"position\":2,\"name\":\"Radar estar\u00e1 presente en Andina Pack del 9 al 12 de Noviembre\"}]},{\"@type\":\"WebSite\",\"@id\":\"https:\/\/radarprocess.com\/#website\",\"url\":\"https:\/\/radarprocess.com\/\",\"name\":\"Radar Process\",\"description\":\"Transporte neum\u00e1tico, dosificaci\u00f3n s\u00f3lidos y silos almacenado\",\"publisher\":{\"@id\":\"https:\/\/radarprocess.com\/#organization\"},\"alternateName\":\"Radar Process\",\"potentialAction\":[{\"@type\":\"SearchAction\",\"target\":{\"@type\":\"EntryPoint\",\"urlTemplate\":\"https:\/\/radarprocess.com\/?s={search_term_string}\"},\"query-input\":{\"@type\":\"PropertyValueSpecification\",\"valueRequired\":true,\"valueName\":\"search_term_string\"}}],\"inLanguage\":\"en-US\"},{\"@type\":\"Organization\",\"@id\":\"https:\/\/radarprocess.com\/#organization\",\"name\":\"Radar Process\",\"alternateName\":\"Radar Process\",\"url\":\"https:\/\/radarprocess.com\/\",\"logo\":{\"@type\":\"ImageObject\",\"inLanguage\":\"en-US\",\"@id\":\"https:\/\/radarprocess.com\/#\/schema\/logo\/image\/\",\"url\":\"https:\/\/radarprocess.com\/wp-content\/uploads\/2021\/11\/logo-1.jpg\",\"contentUrl\":\"https:\/\/radarprocess.com\/wp-content\/uploads\/2021\/11\/logo-1.jpg\",\"width\":330,\"height\":96,\"caption\":\"Radar Process\"},\"image\":{\"@id\":\"https:\/\/radarprocess.com\/#\/schema\/logo\/image\/\"},\"sameAs\":[\"https:\/\/www.linkedin.com\/company\/radar-process-sl\/\"]},{\"@type\":\"Person\",\"@id\":\"https:\/\/radarprocess.com\/#\/schema\/person\/765ef37ac377a8fa32ec58773e099de3\",\"name\":\"neorg_US\",\"image\":{\"@type\":\"ImageObject\",\"inLanguage\":\"en-US\",\"@id\":\"https:\/\/radarprocess.com\/#\/schema\/person\/image\/\",\"url\":\"https:\/\/secure.gravatar.com\/avatar\/b63926e9b9d0dcf698d6148e42ad55d32fd25573ca6e03571bddf984706f7428?s=96&d=mm&r=g\",\"contentUrl\":\"https:\/\/secure.gravatar.com\/avatar\/b63926e9b9d0dcf698d6148e42ad55d32fd25573ca6e03571bddf984706f7428?s=96&d=mm&r=g\",\"caption\":\"neorg_US\"},\"sameAs\":[\"https:\/\/radarprocess.com\/\"]}]}<\/script>\n<!-- \/ Yoast SEO plugin. -->","yoast_head_json":{"title":"Radar estar\u00e1 presente en Andina Pack del 9 al 12 de Noviembre | Radar Process","description":"You can find us at the stand of our representative in Colombia, SOLTECAL.We hope to be able to greet you personally. We wait for you!","robots":{"index":"index","follow":"follow","max-snippet":"max-snippet:-1","max-image-preview":"max-image-preview:large","max-video-preview":"max-video-preview:-1"},"canonical":"https:\/\/radarprocess.com\/en\/radar-estara-presente-en-andina-pack-del-9-al-12-de-noviembre\/","og_locale":"en_US","og_type":"article","og_title":"Radar estar\u00e1 presente en Andina Pack del 9 al 12 de Noviembre | Radar Process","og_description":"You can find us at the stand of our representative in Colombia, SOLTECAL.We hope to be able to greet you personally. We wait for you!","og_url":"https:\/\/radarprocess.com\/en\/radar-estara-presente-en-andina-pack-del-9-al-12-de-noviembre\/","og_site_name":"Radar Process","article_published_time":"2022-07-29T13:55:50+00:00","article_modified_time":"2023-06-22T14:29:00+00:00","og_image":[{"width":1200,"height":800,"url":"https:\/\/radarprocess.com\/wp-content\/uploads\/2022\/04\/andina-pack-14.jpg","type":"image\/jpeg"}],"author":"neorg_US","twitter_card":"summary_large_image","twitter_misc":{"Written by":"neorg_US","Est. reading time":"1 minute"},"schema":{"@context":"https:\/\/schema.org","@graph":[{"@type":"Article","@id":"https:\/\/radarprocess.com\/en\/radar-estara-presente-en-andina-pack-del-9-al-12-de-noviembre\/#article","isPartOf":{"@id":"https:\/\/radarprocess.com\/en\/radar-estara-presente-en-andina-pack-del-9-al-12-de-noviembre\/"},"author":{"name":"neorg_US","@id":"https:\/\/radarprocess.com\/#\/schema\/person\/765ef37ac377a8fa32ec58773e099de3"},"headline":"Radar estar\u00e1 presente en Andina Pack del 9 al 12 de Noviembre","datePublished":"2022-07-29T13:55:50+00:00","dateModified":"2023-06-22T14:29:00+00:00","mainEntityOfPage":{"@id":"https:\/\/radarprocess.com\/en\/radar-estara-presente-en-andina-pack-del-9-al-12-de-noviembre\/"},"wordCount":69,"commentCount":0,"publisher":{"@id":"https:\/\/radarprocess.com\/#organization"},"image":{"@id":"https:\/\/radarprocess.com\/en\/radar-estara-presente-en-andina-pack-del-9-al-12-de-noviembre\/#primaryimage"},"thumbnailUrl":"https:\/\/radarprocess.com\/wp-content\/uploads\/2022\/04\/andina-pack-14.jpg","inLanguage":"en-US","potentialAction":[{"@type":"CommentAction","name":"Comment","target":["https:\/\/radarprocess.com\/en\/radar-estara-presente-en-andina-pack-del-9-al-12-de-noviembre\/#respond"]}]},{"@type":"WebPage","@id":"https:\/\/radarprocess.com\/en\/radar-estara-presente-en-andina-pack-del-9-al-12-de-noviembre\/","url":"https:\/\/radarprocess.com\/en\/radar-estara-presente-en-andina-pack-del-9-al-12-de-noviembre\/","name":"Radar estar\u00e1 presente en Andina Pack del 9 al 12 de Noviembre | Radar Process","isPartOf":{"@id":"https:\/\/radarprocess.com\/#website"},"primaryImageOfPage":{"@id":"https:\/\/radarprocess.com\/en\/radar-estara-presente-en-andina-pack-del-9-al-12-de-noviembre\/#primaryimage"},"image":{"@id":"https:\/\/radarprocess.com\/en\/radar-estara-presente-en-andina-pack-del-9-al-12-de-noviembre\/#primaryimage"},"thumbnailUrl":"https:\/\/radarprocess.com\/wp-content\/uploads\/2022\/04\/andina-pack-14.jpg","datePublished":"2022-07-29T13:55:50+00:00","dateModified":"2023-06-22T14:29:00+00:00","description":"You can find us at the stand of our representative in Colombia, SOLTECAL.We hope to be able to greet you personally. We wait for you!","breadcrumb":{"@id":"https:\/\/radarprocess.com\/en\/radar-estara-presente-en-andina-pack-del-9-al-12-de-noviembre\/#breadcrumb"},"inLanguage":"en-US","potentialAction":[{"@type":"ReadAction","target":["https:\/\/radarprocess.com\/en\/radar-estara-presente-en-andina-pack-del-9-al-12-de-noviembre\/"]}]},{"@type":"ImageObject","inLanguage":"en-US","@id":"https:\/\/radarprocess.com\/en\/radar-estara-presente-en-andina-pack-del-9-al-12-de-noviembre\/#primaryimage","url":"https:\/\/radarprocess.com\/wp-content\/uploads\/2022\/04\/andina-pack-14.jpg","contentUrl":"https:\/\/radarprocess.com\/wp-content\/uploads\/2022\/04\/andina-pack-14.jpg","width":1200,"height":800,"caption":"feria andina pack"},{"@type":"BreadcrumbList","@id":"https:\/\/radarprocess.com\/en\/radar-estara-presente-en-andina-pack-del-9-al-12-de-noviembre\/#breadcrumb","itemListElement":[{"@type":"ListItem","position":1,"name":"Portada","item":"https:\/\/radarprocess.com\/en\/"},{"@type":"ListItem","position":2,"name":"Radar estar\u00e1 presente en Andina Pack del 9 al 12 de Noviembre"}]},{"@type":"WebSite","@id":"https:\/\/radarprocess.com\/#website","url":"https:\/\/radarprocess.com\/","name":"Radar Process","description":"Transporte neum\u00e1tico, dosificaci\u00f3n s\u00f3lidos y silos almacenado","publisher":{"@id":"https:\/\/radarprocess.com\/#organization"},"alternateName":"Radar Process","potentialAction":[{"@type":"SearchAction","target":{"@type":"EntryPoint","urlTemplate":"https:\/\/radarprocess.com\/?s={search_term_string}"},"query-input":{"@type":"PropertyValueSpecification","valueRequired":true,"valueName":"search_term_string"}}],"inLanguage":"en-US"},{"@type":"Organization","@id":"https:\/\/radarprocess.com\/#organization","name":"Radar Process","alternateName":"Radar Process","url":"https:\/\/radarprocess.com\/","logo":{"@type":"ImageObject","inLanguage":"en-US","@id":"https:\/\/radarprocess.com\/#\/schema\/logo\/image\/","url":"https:\/\/radarprocess.com\/wp-content\/uploads\/2021\/11\/logo-1.jpg","contentUrl":"https:\/\/radarprocess.com\/wp-content\/uploads\/2021\/11\/logo-1.jpg","width":330,"height":96,"caption":"Radar Process"},"image":{"@id":"https:\/\/radarprocess.com\/#\/schema\/logo\/image\/"},"sameAs":["https:\/\/www.linkedin.com\/company\/radar-process-sl\/"]},{"@type":"Person","@id":"https:\/\/radarprocess.com\/#\/schema\/person\/765ef37ac377a8fa32ec58773e099de3","name":"neorg_US","image":{"@type":"ImageObject","inLanguage":"en-US","@id":"https:\/\/radarprocess.com\/#\/schema\/person\/image\/","url":"https:\/\/secure.gravatar.com\/avatar\/b63926e9b9d0dcf698d6148e42ad55d32fd25573ca6e03571bddf984706f7428?s=96&d=mm&r=g","contentUrl":"https:\/\/secure.gravatar.com\/avatar\/b63926e9b9d0dcf698d6148e42ad55d32fd25573ca6e03571bddf984706f7428?s=96&d=mm&r=g","caption":"neorg_US"},"sameAs":["https:\/\/radarprocess.com\/"]}]}},"_links":{"self":[{"href":"https:\/\/radarprocess.com\/en\/wp-json\/wp\/v2\/posts\/3272","targetHints":{"allow":["GET"]}}],"collection":[{"href":"https:\/\/radarprocess.com\/en\/wp-json\/wp\/v2\/posts"}],"about":[{"href":"https:\/\/radarprocess.com\/en\/wp-json\/wp\/v2\/types\/post"}],"author":[{"embeddable":true,"href":"https:\/\/radarprocess.com\/en\/wp-json\/wp\/v2\/users\/1"}],"replies":[{"embeddable":true,"href":"https:\/\/radarprocess.com\/en\/wp-json\/wp\/v2\/comments?post=3272"}],"version-history":[{"count":1,"href":"https:\/\/radarprocess.com\/en\/wp-json\/wp\/v2\/posts\/3272\/revisions"}],"predecessor-version":[{"id":4509,"href":"https:\/\/radarprocess.com\/en\/wp-json\/wp\/v2\/posts\/3272\/revisions\/4509"}],"wp:featuredmedia":[{"embeddable":true,"href":"https:\/\/radarprocess.com\/en\/wp-json\/wp\/v2\/media\/2881"}],"wp:attachment":[{"href":"https:\/\/radarprocess.com\/en\/wp-json\/wp\/v2\/media?parent=3272"}],"wp:term":[{"taxonomy":"category","embeddable":true,"href":"https:\/\/radarprocess.com\/en\/wp-json\/wp\/v2\/categories?post=3272"},{"taxonomy":"post_tag","embeddable":true,"href":"https:\/\/radarprocess.com\/en\/wp-json\/wp\/v2\/tags?post=3272"}],"curies":[{"name":"wp","href":"https:\/\/api.w.org\/{rel}","templated":true}]}}