{"id":3276,"date":"2023-03-09T15:54:30","date_gmt":"2023-03-09T14:54:30","guid":{"rendered":"https:\/\/radarprocess.com\/os-esperamos-en-interpack-2023\/"},"modified":"2023-06-22T16:31:24","modified_gmt":"2023-06-22T14:31:24","slug":"os-esperamos-en-interpack-2023","status":"publish","type":"post","link":"https:\/\/radarprocess.com\/en\/os-esperamos-en-interpack-2023\/","title":{"rendered":"\u00a1Os esperamos en Interpack 2023!"},"content":{"rendered":"<p>Sal\u00f3n internacional de Proceso y Envasado<\/p>\n<p>Del 4 al 10 de mayo de 2023<\/p>\n<p>D\u00fcsseldorf. Alemania<\/p>\n<p>Debido a la situaci\u00f3n extraordinaria causada por la Covid-19, la edici\u00f3n de Interpack 2021 ha sido cancelada, saltando directamente a la edici\u00f3 de 2023. Del\u00a04 al 10 de mayo de 2023, tendr\u00e1 lugar en la ciudad alemana de D\u00fcsseldorf, la nueva edici\u00f3n de la feria internacional sobre proceso y envasado m\u00e1s importante a nivel mundial: Interpack.<\/p>\n<p>Como en ediciones anteriores, Radar Process estar\u00e1 presente como expositor y contaremos con un stand de 91 m2 donde expondremos como muestra de nuestras soluciones para manipulaci\u00f3n de ingredientes un equipo para dosificaci\u00f3n de micro-ingredientes automatizado y adaptado a los nuevos tiempos de la industria 4.0..<\/p>\n<p>Como es habitual, aprovecharemos para saludar a nuestros clientes y recibir a todos aquellos profesionales del sector interesados en nuestras soluciones.<\/p>\n<p>Nuestro espacio estar\u00e1 situado en el pabell\u00f3n 1, stand B86.<\/p>\n<p>Confiamos en poder saludaros personalmente en Interpack 2023. \u00a1Os esperamos!<\/p>\n","protected":false},"excerpt":{"rendered":"<p>Sal\u00f3n internacional de Proceso y Envasado Del 4 al 10 de mayo de 2023 D\u00fcsseldorf. Alemania Debido a la situaci\u00f3n extraordinaria causada por la Covid-19, la edici\u00f3n de Interpack 2021 ha sido cancelada, saltando directamente a la edici\u00f3 de 2023. Del\u00a04 al 10 de mayo de 2023, tendr\u00e1 lugar en la ciudad alemana de D\u00fcsseldorf,&hellip;&nbsp;<a href=\"https:\/\/radarprocess.com\/en\/os-esperamos-en-interpack-2023\/\" rel=\"bookmark\"><span class=\"screen-reader-text\">\u00a1Os esperamos en Interpack 2023!<\/span><\/a><\/p>\n","protected":false},"author":1,"featured_media":2879,"comment_status":"open","ping_status":"open","sticky":false,"template":"","format":"standard","meta":{"_acf_changed":false,"neve_meta_sidebar":"","neve_meta_container":"","neve_meta_enable_content_width":"off","neve_meta_content_width":70,"neve_meta_title_alignment":"","neve_meta_author_avatar":"","neve_post_elements_order":"","neve_meta_disable_header":"","neve_meta_disable_footer":"","neve_meta_disable_title":"","footnotes":""},"categories":[10],"tags":[],"class_list":["post-3276","post","type-post","status-publish","format-standard","has-post-thumbnail","hentry","category-uncategorized"],"acf":[],"yoast_head":"<!-- This site is optimized with the Yoast SEO plugin v26.9 - https:\/\/yoast.com\/product\/yoast-seo-wordpress\/ -->\n<title>\u00a1Os esperamos en Interpack 2023! | Radar Process<\/title>\n<meta name=\"description\" content=\"Radar Process will be present as an exhibitor where we will present the sample of our solutions for handling ingredients.\" \/>\n<meta name=\"robots\" content=\"index, follow, max-snippet:-1, max-image-preview:large, max-video-preview:-1\" \/>\n<link rel=\"canonical\" href=\"https:\/\/radarprocess.com\/en\/os-esperamos-en-interpack-2023\/\" \/>\n<meta property=\"og:locale\" content=\"en_US\" \/>\n<meta property=\"og:type\" content=\"article\" \/>\n<meta property=\"og:title\" content=\"\u00a1Os esperamos en Interpack 2023! | Radar Process\" \/>\n<meta property=\"og:description\" content=\"Radar Process will be present as an exhibitor where we will present the sample of our solutions for handling ingredients.\" \/>\n<meta property=\"og:url\" content=\"https:\/\/radarprocess.com\/en\/os-esperamos-en-interpack-2023\/\" \/>\n<meta property=\"og:site_name\" content=\"Radar Process\" \/>\n<meta property=\"article:published_time\" content=\"2023-03-09T14:54:30+00:00\" \/>\n<meta property=\"article:modified_time\" content=\"2023-06-22T14:31:24+00:00\" \/>\n<meta property=\"og:image\" content=\"https:\/\/radarprocess.com\/wp-content\/uploads\/2022\/04\/Interpack-2023-nueva-fecha-TF.jpg\" \/>\n\t<meta property=\"og:image:width\" content=\"784\" \/>\n\t<meta property=\"og:image:height\" content=\"413\" \/>\n\t<meta property=\"og:image:type\" content=\"image\/jpeg\" \/>\n<meta name=\"author\" content=\"neorg_US\" \/>\n<meta name=\"twitter:card\" content=\"summary_large_image\" \/>\n<meta name=\"twitter:label1\" content=\"Written by\" \/>\n\t<meta name=\"twitter:data1\" content=\"neorg_US\" \/>\n\t<meta name=\"twitter:label2\" content=\"Est. reading time\" \/>\n\t<meta name=\"twitter:data2\" content=\"1 minute\" \/>\n<script type=\"application\/ld+json\" class=\"yoast-schema-graph\">{\"@context\":\"https:\/\/schema.org\",\"@graph\":[{\"@type\":\"Article\",\"@id\":\"https:\/\/radarprocess.com\/en\/os-esperamos-en-interpack-2023\/#article\",\"isPartOf\":{\"@id\":\"https:\/\/radarprocess.com\/en\/os-esperamos-en-interpack-2023\/\"},\"author\":{\"name\":\"neorg_US\",\"@id\":\"https:\/\/radarprocess.com\/#\/schema\/person\/765ef37ac377a8fa32ec58773e099de3\"},\"headline\":\"\u00a1Os esperamos en Interpack 2023!\",\"datePublished\":\"2023-03-09T14:54:30+00:00\",\"dateModified\":\"2023-06-22T14:31:24+00:00\",\"mainEntityOfPage\":{\"@id\":\"https:\/\/radarprocess.com\/en\/os-esperamos-en-interpack-2023\/\"},\"wordCount\":162,\"commentCount\":0,\"publisher\":{\"@id\":\"https:\/\/radarprocess.com\/#organization\"},\"image\":{\"@id\":\"https:\/\/radarprocess.com\/en\/os-esperamos-en-interpack-2023\/#primaryimage\"},\"thumbnailUrl\":\"https:\/\/radarprocess.com\/wp-content\/uploads\/2022\/04\/Interpack-2023-nueva-fecha-TF.jpg\",\"inLanguage\":\"en-US\",\"potentialAction\":[{\"@type\":\"CommentAction\",\"name\":\"Comment\",\"target\":[\"https:\/\/radarprocess.com\/en\/os-esperamos-en-interpack-2023\/#respond\"]}]},{\"@type\":\"WebPage\",\"@id\":\"https:\/\/radarprocess.com\/en\/os-esperamos-en-interpack-2023\/\",\"url\":\"https:\/\/radarprocess.com\/en\/os-esperamos-en-interpack-2023\/\",\"name\":\"\u00a1Os esperamos en Interpack 2023! | Radar Process\",\"isPartOf\":{\"@id\":\"https:\/\/radarprocess.com\/#website\"},\"primaryImageOfPage\":{\"@id\":\"https:\/\/radarprocess.com\/en\/os-esperamos-en-interpack-2023\/#primaryimage\"},\"image\":{\"@id\":\"https:\/\/radarprocess.com\/en\/os-esperamos-en-interpack-2023\/#primaryimage\"},\"thumbnailUrl\":\"https:\/\/radarprocess.com\/wp-content\/uploads\/2022\/04\/Interpack-2023-nueva-fecha-TF.jpg\",\"datePublished\":\"2023-03-09T14:54:30+00:00\",\"dateModified\":\"2023-06-22T14:31:24+00:00\",\"description\":\"Radar Process will be present as an exhibitor where we will present the sample of our solutions for handling ingredients.\",\"breadcrumb\":{\"@id\":\"https:\/\/radarprocess.com\/en\/os-esperamos-en-interpack-2023\/#breadcrumb\"},\"inLanguage\":\"en-US\",\"potentialAction\":[{\"@type\":\"ReadAction\",\"target\":[\"https:\/\/radarprocess.com\/en\/os-esperamos-en-interpack-2023\/\"]}]},{\"@type\":\"ImageObject\",\"inLanguage\":\"en-US\",\"@id\":\"https:\/\/radarprocess.com\/en\/os-esperamos-en-interpack-2023\/#primaryimage\",\"url\":\"https:\/\/radarprocess.com\/wp-content\/uploads\/2022\/04\/Interpack-2023-nueva-fecha-TF.jpg\",\"contentUrl\":\"https:\/\/radarprocess.com\/wp-content\/uploads\/2022\/04\/Interpack-2023-nueva-fecha-TF.jpg\",\"width\":784,\"height\":413,\"caption\":\"fera interpack dusseldorf\"},{\"@type\":\"BreadcrumbList\",\"@id\":\"https:\/\/radarprocess.com\/en\/os-esperamos-en-interpack-2023\/#breadcrumb\",\"itemListElement\":[{\"@type\":\"ListItem\",\"position\":1,\"name\":\"Portada\",\"item\":\"https:\/\/radarprocess.com\/en\/\"},{\"@type\":\"ListItem\",\"position\":2,\"name\":\"\u00a1Os esperamos en Interpack 2023!\"}]},{\"@type\":\"WebSite\",\"@id\":\"https:\/\/radarprocess.com\/#website\",\"url\":\"https:\/\/radarprocess.com\/\",\"name\":\"Radar Process\",\"description\":\"Transporte neum\u00e1tico, dosificaci\u00f3n s\u00f3lidos y silos almacenado\",\"publisher\":{\"@id\":\"https:\/\/radarprocess.com\/#organization\"},\"alternateName\":\"Radar Process\",\"potentialAction\":[{\"@type\":\"SearchAction\",\"target\":{\"@type\":\"EntryPoint\",\"urlTemplate\":\"https:\/\/radarprocess.com\/?s={search_term_string}\"},\"query-input\":{\"@type\":\"PropertyValueSpecification\",\"valueRequired\":true,\"valueName\":\"search_term_string\"}}],\"inLanguage\":\"en-US\"},{\"@type\":\"Organization\",\"@id\":\"https:\/\/radarprocess.com\/#organization\",\"name\":\"Radar Process\",\"alternateName\":\"Radar Process\",\"url\":\"https:\/\/radarprocess.com\/\",\"logo\":{\"@type\":\"ImageObject\",\"inLanguage\":\"en-US\",\"@id\":\"https:\/\/radarprocess.com\/#\/schema\/logo\/image\/\",\"url\":\"https:\/\/radarprocess.com\/wp-content\/uploads\/2021\/11\/logo-1.jpg\",\"contentUrl\":\"https:\/\/radarprocess.com\/wp-content\/uploads\/2021\/11\/logo-1.jpg\",\"width\":330,\"height\":96,\"caption\":\"Radar Process\"},\"image\":{\"@id\":\"https:\/\/radarprocess.com\/#\/schema\/logo\/image\/\"},\"sameAs\":[\"https:\/\/www.linkedin.com\/company\/radar-process-sl\/\"]},{\"@type\":\"Person\",\"@id\":\"https:\/\/radarprocess.com\/#\/schema\/person\/765ef37ac377a8fa32ec58773e099de3\",\"name\":\"neorg_US\",\"image\":{\"@type\":\"ImageObject\",\"inLanguage\":\"en-US\",\"@id\":\"https:\/\/radarprocess.com\/#\/schema\/person\/image\/\",\"url\":\"https:\/\/secure.gravatar.com\/avatar\/b63926e9b9d0dcf698d6148e42ad55d32fd25573ca6e03571bddf984706f7428?s=96&d=mm&r=g\",\"contentUrl\":\"https:\/\/secure.gravatar.com\/avatar\/b63926e9b9d0dcf698d6148e42ad55d32fd25573ca6e03571bddf984706f7428?s=96&d=mm&r=g\",\"caption\":\"neorg_US\"},\"sameAs\":[\"https:\/\/radarprocess.com\/\"]}]}<\/script>\n<!-- \/ Yoast SEO plugin. -->","yoast_head_json":{"title":"\u00a1Os esperamos en Interpack 2023! | Radar Process","description":"Radar Process will be present as an exhibitor where we will present the sample of our solutions for handling ingredients.","robots":{"index":"index","follow":"follow","max-snippet":"max-snippet:-1","max-image-preview":"max-image-preview:large","max-video-preview":"max-video-preview:-1"},"canonical":"https:\/\/radarprocess.com\/en\/os-esperamos-en-interpack-2023\/","og_locale":"en_US","og_type":"article","og_title":"\u00a1Os esperamos en Interpack 2023! | Radar Process","og_description":"Radar Process will be present as an exhibitor where we will present the sample of our solutions for handling ingredients.","og_url":"https:\/\/radarprocess.com\/en\/os-esperamos-en-interpack-2023\/","og_site_name":"Radar Process","article_published_time":"2023-03-09T14:54:30+00:00","article_modified_time":"2023-06-22T14:31:24+00:00","og_image":[{"width":784,"height":413,"url":"https:\/\/radarprocess.com\/wp-content\/uploads\/2022\/04\/Interpack-2023-nueva-fecha-TF.jpg","type":"image\/jpeg"}],"author":"neorg_US","twitter_card":"summary_large_image","twitter_misc":{"Written by":"neorg_US","Est. reading time":"1 minute"},"schema":{"@context":"https:\/\/schema.org","@graph":[{"@type":"Article","@id":"https:\/\/radarprocess.com\/en\/os-esperamos-en-interpack-2023\/#article","isPartOf":{"@id":"https:\/\/radarprocess.com\/en\/os-esperamos-en-interpack-2023\/"},"author":{"name":"neorg_US","@id":"https:\/\/radarprocess.com\/#\/schema\/person\/765ef37ac377a8fa32ec58773e099de3"},"headline":"\u00a1Os esperamos en Interpack 2023!","datePublished":"2023-03-09T14:54:30+00:00","dateModified":"2023-06-22T14:31:24+00:00","mainEntityOfPage":{"@id":"https:\/\/radarprocess.com\/en\/os-esperamos-en-interpack-2023\/"},"wordCount":162,"commentCount":0,"publisher":{"@id":"https:\/\/radarprocess.com\/#organization"},"image":{"@id":"https:\/\/radarprocess.com\/en\/os-esperamos-en-interpack-2023\/#primaryimage"},"thumbnailUrl":"https:\/\/radarprocess.com\/wp-content\/uploads\/2022\/04\/Interpack-2023-nueva-fecha-TF.jpg","inLanguage":"en-US","potentialAction":[{"@type":"CommentAction","name":"Comment","target":["https:\/\/radarprocess.com\/en\/os-esperamos-en-interpack-2023\/#respond"]}]},{"@type":"WebPage","@id":"https:\/\/radarprocess.com\/en\/os-esperamos-en-interpack-2023\/","url":"https:\/\/radarprocess.com\/en\/os-esperamos-en-interpack-2023\/","name":"\u00a1Os esperamos en Interpack 2023! | Radar Process","isPartOf":{"@id":"https:\/\/radarprocess.com\/#website"},"primaryImageOfPage":{"@id":"https:\/\/radarprocess.com\/en\/os-esperamos-en-interpack-2023\/#primaryimage"},"image":{"@id":"https:\/\/radarprocess.com\/en\/os-esperamos-en-interpack-2023\/#primaryimage"},"thumbnailUrl":"https:\/\/radarprocess.com\/wp-content\/uploads\/2022\/04\/Interpack-2023-nueva-fecha-TF.jpg","datePublished":"2023-03-09T14:54:30+00:00","dateModified":"2023-06-22T14:31:24+00:00","description":"Radar Process will be present as an exhibitor where we will present the sample of our solutions for handling ingredients.","breadcrumb":{"@id":"https:\/\/radarprocess.com\/en\/os-esperamos-en-interpack-2023\/#breadcrumb"},"inLanguage":"en-US","potentialAction":[{"@type":"ReadAction","target":["https:\/\/radarprocess.com\/en\/os-esperamos-en-interpack-2023\/"]}]},{"@type":"ImageObject","inLanguage":"en-US","@id":"https:\/\/radarprocess.com\/en\/os-esperamos-en-interpack-2023\/#primaryimage","url":"https:\/\/radarprocess.com\/wp-content\/uploads\/2022\/04\/Interpack-2023-nueva-fecha-TF.jpg","contentUrl":"https:\/\/radarprocess.com\/wp-content\/uploads\/2022\/04\/Interpack-2023-nueva-fecha-TF.jpg","width":784,"height":413,"caption":"fera interpack dusseldorf"},{"@type":"BreadcrumbList","@id":"https:\/\/radarprocess.com\/en\/os-esperamos-en-interpack-2023\/#breadcrumb","itemListElement":[{"@type":"ListItem","position":1,"name":"Portada","item":"https:\/\/radarprocess.com\/en\/"},{"@type":"ListItem","position":2,"name":"\u00a1Os esperamos en Interpack 2023!"}]},{"@type":"WebSite","@id":"https:\/\/radarprocess.com\/#website","url":"https:\/\/radarprocess.com\/","name":"Radar Process","description":"Transporte neum\u00e1tico, dosificaci\u00f3n s\u00f3lidos y silos almacenado","publisher":{"@id":"https:\/\/radarprocess.com\/#organization"},"alternateName":"Radar Process","potentialAction":[{"@type":"SearchAction","target":{"@type":"EntryPoint","urlTemplate":"https:\/\/radarprocess.com\/?s={search_term_string}"},"query-input":{"@type":"PropertyValueSpecification","valueRequired":true,"valueName":"search_term_string"}}],"inLanguage":"en-US"},{"@type":"Organization","@id":"https:\/\/radarprocess.com\/#organization","name":"Radar Process","alternateName":"Radar Process","url":"https:\/\/radarprocess.com\/","logo":{"@type":"ImageObject","inLanguage":"en-US","@id":"https:\/\/radarprocess.com\/#\/schema\/logo\/image\/","url":"https:\/\/radarprocess.com\/wp-content\/uploads\/2021\/11\/logo-1.jpg","contentUrl":"https:\/\/radarprocess.com\/wp-content\/uploads\/2021\/11\/logo-1.jpg","width":330,"height":96,"caption":"Radar Process"},"image":{"@id":"https:\/\/radarprocess.com\/#\/schema\/logo\/image\/"},"sameAs":["https:\/\/www.linkedin.com\/company\/radar-process-sl\/"]},{"@type":"Person","@id":"https:\/\/radarprocess.com\/#\/schema\/person\/765ef37ac377a8fa32ec58773e099de3","name":"neorg_US","image":{"@type":"ImageObject","inLanguage":"en-US","@id":"https:\/\/radarprocess.com\/#\/schema\/person\/image\/","url":"https:\/\/secure.gravatar.com\/avatar\/b63926e9b9d0dcf698d6148e42ad55d32fd25573ca6e03571bddf984706f7428?s=96&d=mm&r=g","contentUrl":"https:\/\/secure.gravatar.com\/avatar\/b63926e9b9d0dcf698d6148e42ad55d32fd25573ca6e03571bddf984706f7428?s=96&d=mm&r=g","caption":"neorg_US"},"sameAs":["https:\/\/radarprocess.com\/"]}]}},"_links":{"self":[{"href":"https:\/\/radarprocess.com\/en\/wp-json\/wp\/v2\/posts\/3276","targetHints":{"allow":["GET"]}}],"collection":[{"href":"https:\/\/radarprocess.com\/en\/wp-json\/wp\/v2\/posts"}],"about":[{"href":"https:\/\/radarprocess.com\/en\/wp-json\/wp\/v2\/types\/post"}],"author":[{"embeddable":true,"href":"https:\/\/radarprocess.com\/en\/wp-json\/wp\/v2\/users\/1"}],"replies":[{"embeddable":true,"href":"https:\/\/radarprocess.com\/en\/wp-json\/wp\/v2\/comments?post=3276"}],"version-history":[{"count":1,"href":"https:\/\/radarprocess.com\/en\/wp-json\/wp\/v2\/posts\/3276\/revisions"}],"predecessor-version":[{"id":4513,"href":"https:\/\/radarprocess.com\/en\/wp-json\/wp\/v2\/posts\/3276\/revisions\/4513"}],"wp:featuredmedia":[{"embeddable":true,"href":"https:\/\/radarprocess.com\/en\/wp-json\/wp\/v2\/media\/2879"}],"wp:attachment":[{"href":"https:\/\/radarprocess.com\/en\/wp-json\/wp\/v2\/media?parent=3276"}],"wp:term":[{"taxonomy":"category","embeddable":true,"href":"https:\/\/radarprocess.com\/en\/wp-json\/wp\/v2\/categories?post=3276"},{"taxonomy":"post_tag","embeddable":true,"href":"https:\/\/radarprocess.com\/en\/wp-json\/wp\/v2\/tags?post=3276"}],"curies":[{"name":"wp","href":"https:\/\/api.w.org\/{rel}","templated":true}]}}