{"id":3269,"date":"2022-02-21T16:05:30","date_gmt":"2022-02-21T15:05:30","guid":{"rendered":"https:\/\/radarprocess.com\/nos-vemos-del-10-al-12-de-mayo-en-exposolidos\/"},"modified":"2023-06-22T16:27:10","modified_gmt":"2023-06-22T14:27:10","slug":"nos-vemos-del-10-al-12-de-mayo-en-exposolidos","status":"publish","type":"post","link":"https:\/\/radarprocess.com\/fr\/nos-vemos-del-10-al-12-de-mayo-en-exposolidos\/","title":{"rendered":"Nos vemos del 10 al 12 de Mayo en Expos\u00f3lidos"},"content":{"rendered":"<p>Te esperamos en el 10\u00ba sal\u00f3n Internacional de la tecnolog\u00eda y el procesamiento de s\u00f3lidos, del 10 al 12 de Mayo en el recito de la Farga de l\u2019Hospitalet en el stand E192.<\/p>\n<p>Podr\u00e1s ver nuestras novedades y reunirte con nuestros expertos para plantearles tus retos.<\/p>\n<p>\u00a1Te esperamos!<\/p>\n<p><a href=\"https:\/\/exposolidos.com\/\">Exposolidos \u2013 Sal\u00f3n Internacional de la Tecnolog\u00eda y Procesaminento de S\u00f3lidos<\/a><\/p>\n","protected":false},"excerpt":{"rendered":"<p>Te esperamos en el 10\u00ba sal\u00f3n Internacional de la tecnolog\u00eda y el procesamiento de s\u00f3lidos, del 10 al 12 de Mayo en el recito de la Farga de l\u2019Hospitalet en el stand E192. Podr\u00e1s ver nuestras novedades y reunirte con nuestros expertos para plantearles tus retos. \u00a1Te esperamos! Exposolidos \u2013 Sal\u00f3n Internacional de la Tecnolog\u00eda&hellip;&nbsp;<a href=\"https:\/\/radarprocess.com\/fr\/nos-vemos-del-10-al-12-de-mayo-en-exposolidos\/\" rel=\"bookmark\"><span class=\"screen-reader-text\">Nos vemos del 10 al 12 de Mayo en Expos\u00f3lidos<\/span><\/a><\/p>\n","protected":false},"author":1,"featured_media":2888,"comment_status":"open","ping_status":"open","sticky":false,"template":"","format":"standard","meta":{"_acf_changed":false,"neve_meta_sidebar":"","neve_meta_container":"","neve_meta_enable_content_width":"off","neve_meta_content_width":70,"neve_meta_title_alignment":"","neve_meta_author_avatar":"","neve_post_elements_order":"","neve_meta_disable_header":"","neve_meta_disable_footer":"","neve_meta_disable_title":"","footnotes":""},"categories":[11],"tags":[],"class_list":["post-3269","post","type-post","status-publish","format-standard","has-post-thumbnail","hentry","category-non-classifiee"],"acf":[],"yoast_head":"<!-- This site is optimized with the Yoast SEO plugin v26.9 - https:\/\/yoast.com\/product\/yoast-seo-wordpress\/ -->\n<title>Nos vemos del 10 al 12 de Mayo en Expos\u00f3lidos | Radar Process<\/title>\n<meta name=\"description\" content=\"Nous vous attendons au 10e Salon international des technologies et de la transformation des solides, du 10 au 12 mai.\" \/>\n<meta name=\"robots\" content=\"index, follow, max-snippet:-1, max-image-preview:large, max-video-preview:-1\" \/>\n<link rel=\"canonical\" href=\"https:\/\/radarprocess.com\/fr\/nos-vemos-del-10-al-12-de-mayo-en-exposolidos\/\" \/>\n<meta property=\"og:locale\" content=\"fr_FR\" \/>\n<meta property=\"og:type\" content=\"article\" \/>\n<meta property=\"og:title\" content=\"Nos vemos del 10 al 12 de Mayo en Expos\u00f3lidos | Radar Process\" \/>\n<meta property=\"og:description\" content=\"Nous vous attendons au 10e Salon international des technologies et de la transformation des solides, du 10 au 12 mai.\" \/>\n<meta property=\"og:url\" content=\"https:\/\/radarprocess.com\/fr\/nos-vemos-del-10-al-12-de-mayo-en-exposolidos\/\" \/>\n<meta property=\"og:site_name\" content=\"Radar Process\" \/>\n<meta property=\"article:published_time\" content=\"2022-02-21T15:05:30+00:00\" \/>\n<meta property=\"article:modified_time\" content=\"2023-06-22T14:27:10+00:00\" \/>\n<meta property=\"og:image\" content=\"https:\/\/radarprocess.com\/wp-content\/uploads\/2022\/04\/exposolidos-2022-radar.jpg\" \/>\n\t<meta property=\"og:image:width\" content=\"1600\" \/>\n\t<meta property=\"og:image:height\" content=\"700\" \/>\n\t<meta property=\"og:image:type\" content=\"image\/jpeg\" \/>\n<meta name=\"author\" content=\"neorg_US\" \/>\n<meta name=\"twitter:card\" content=\"summary_large_image\" \/>\n<meta name=\"twitter:label1\" content=\"\u00c9crit par\" \/>\n\t<meta name=\"twitter:data1\" content=\"neorg_US\" \/>\n\t<meta name=\"twitter:label2\" content=\"Dur\u00e9e de lecture estim\u00e9e\" \/>\n\t<meta name=\"twitter:data2\" content=\"1 minute\" \/>\n<script type=\"application\/ld+json\" class=\"yoast-schema-graph\">{\"@context\":\"https:\/\/schema.org\",\"@graph\":[{\"@type\":\"Article\",\"@id\":\"https:\/\/radarprocess.com\/fr\/nos-vemos-del-10-al-12-de-mayo-en-exposolidos\/#article\",\"isPartOf\":{\"@id\":\"https:\/\/radarprocess.com\/fr\/nos-vemos-del-10-al-12-de-mayo-en-exposolidos\/\"},\"author\":{\"name\":\"neorg_US\",\"@id\":\"https:\/\/radarprocess.com\/#\/schema\/person\/765ef37ac377a8fa32ec58773e099de3\"},\"headline\":\"Nos vemos del 10 al 12 de Mayo en Expos\u00f3lidos\",\"datePublished\":\"2022-02-21T15:05:30+00:00\",\"dateModified\":\"2023-06-22T14:27:10+00:00\",\"mainEntityOfPage\":{\"@id\":\"https:\/\/radarprocess.com\/fr\/nos-vemos-del-10-al-12-de-mayo-en-exposolidos\/\"},\"wordCount\":72,\"commentCount\":0,\"publisher\":{\"@id\":\"https:\/\/radarprocess.com\/#organization\"},\"image\":{\"@id\":\"https:\/\/radarprocess.com\/fr\/nos-vemos-del-10-al-12-de-mayo-en-exposolidos\/#primaryimage\"},\"thumbnailUrl\":\"https:\/\/radarprocess.com\/wp-content\/uploads\/2022\/04\/exposolidos-2022-radar.jpg\",\"articleSection\":[\"Non classifi\u00e9(e)\"],\"inLanguage\":\"fr-FR\",\"potentialAction\":[{\"@type\":\"CommentAction\",\"name\":\"Comment\",\"target\":[\"https:\/\/radarprocess.com\/fr\/nos-vemos-del-10-al-12-de-mayo-en-exposolidos\/#respond\"]}]},{\"@type\":\"WebPage\",\"@id\":\"https:\/\/radarprocess.com\/fr\/nos-vemos-del-10-al-12-de-mayo-en-exposolidos\/\",\"url\":\"https:\/\/radarprocess.com\/fr\/nos-vemos-del-10-al-12-de-mayo-en-exposolidos\/\",\"name\":\"Nos vemos del 10 al 12 de Mayo en Expos\u00f3lidos | Radar Process\",\"isPartOf\":{\"@id\":\"https:\/\/radarprocess.com\/#website\"},\"primaryImageOfPage\":{\"@id\":\"https:\/\/radarprocess.com\/fr\/nos-vemos-del-10-al-12-de-mayo-en-exposolidos\/#primaryimage\"},\"image\":{\"@id\":\"https:\/\/radarprocess.com\/fr\/nos-vemos-del-10-al-12-de-mayo-en-exposolidos\/#primaryimage\"},\"thumbnailUrl\":\"https:\/\/radarprocess.com\/wp-content\/uploads\/2022\/04\/exposolidos-2022-radar.jpg\",\"datePublished\":\"2022-02-21T15:05:30+00:00\",\"dateModified\":\"2023-06-22T14:27:10+00:00\",\"description\":\"Nous vous attendons au 10e Salon international des technologies et de la transformation des solides, du 10 au 12 mai.\",\"breadcrumb\":{\"@id\":\"https:\/\/radarprocess.com\/fr\/nos-vemos-del-10-al-12-de-mayo-en-exposolidos\/#breadcrumb\"},\"inLanguage\":\"fr-FR\",\"potentialAction\":[{\"@type\":\"ReadAction\",\"target\":[\"https:\/\/radarprocess.com\/fr\/nos-vemos-del-10-al-12-de-mayo-en-exposolidos\/\"]}]},{\"@type\":\"ImageObject\",\"inLanguage\":\"fr-FR\",\"@id\":\"https:\/\/radarprocess.com\/fr\/nos-vemos-del-10-al-12-de-mayo-en-exposolidos\/#primaryimage\",\"url\":\"https:\/\/radarprocess.com\/wp-content\/uploads\/2022\/04\/exposolidos-2022-radar.jpg\",\"contentUrl\":\"https:\/\/radarprocess.com\/wp-content\/uploads\/2022\/04\/exposolidos-2022-radar.jpg\",\"width\":1600,\"height\":700,\"caption\":\"salon exposolidos 2022\"},{\"@type\":\"BreadcrumbList\",\"@id\":\"https:\/\/radarprocess.com\/fr\/nos-vemos-del-10-al-12-de-mayo-en-exposolidos\/#breadcrumb\",\"itemListElement\":[{\"@type\":\"ListItem\",\"position\":1,\"name\":\"Portada\",\"item\":\"https:\/\/radarprocess.com\/fr\/\"},{\"@type\":\"ListItem\",\"position\":2,\"name\":\"Nos vemos del 10 al 12 de Mayo en Expos\u00f3lidos\"}]},{\"@type\":\"WebSite\",\"@id\":\"https:\/\/radarprocess.com\/#website\",\"url\":\"https:\/\/radarprocess.com\/\",\"name\":\"Radar Process\",\"description\":\"Transporte neum\u00e1tico, dosificaci\u00f3n s\u00f3lidos y silos almacenado\",\"publisher\":{\"@id\":\"https:\/\/radarprocess.com\/#organization\"},\"alternateName\":\"Radar Process\",\"potentialAction\":[{\"@type\":\"SearchAction\",\"target\":{\"@type\":\"EntryPoint\",\"urlTemplate\":\"https:\/\/radarprocess.com\/?s={search_term_string}\"},\"query-input\":{\"@type\":\"PropertyValueSpecification\",\"valueRequired\":true,\"valueName\":\"search_term_string\"}}],\"inLanguage\":\"fr-FR\"},{\"@type\":\"Organization\",\"@id\":\"https:\/\/radarprocess.com\/#organization\",\"name\":\"Radar Process\",\"alternateName\":\"Radar Process\",\"url\":\"https:\/\/radarprocess.com\/\",\"logo\":{\"@type\":\"ImageObject\",\"inLanguage\":\"fr-FR\",\"@id\":\"https:\/\/radarprocess.com\/#\/schema\/logo\/image\/\",\"url\":\"https:\/\/radarprocess.com\/wp-content\/uploads\/2021\/11\/logo-1.jpg\",\"contentUrl\":\"https:\/\/radarprocess.com\/wp-content\/uploads\/2021\/11\/logo-1.jpg\",\"width\":330,\"height\":96,\"caption\":\"Radar Process\"},\"image\":{\"@id\":\"https:\/\/radarprocess.com\/#\/schema\/logo\/image\/\"},\"sameAs\":[\"https:\/\/www.linkedin.com\/company\/radar-process-sl\/\"]},{\"@type\":\"Person\",\"@id\":\"https:\/\/radarprocess.com\/#\/schema\/person\/765ef37ac377a8fa32ec58773e099de3\",\"name\":\"neorg_US\",\"image\":{\"@type\":\"ImageObject\",\"inLanguage\":\"fr-FR\",\"@id\":\"https:\/\/radarprocess.com\/#\/schema\/person\/image\/\",\"url\":\"https:\/\/secure.gravatar.com\/avatar\/b63926e9b9d0dcf698d6148e42ad55d32fd25573ca6e03571bddf984706f7428?s=96&d=mm&r=g\",\"contentUrl\":\"https:\/\/secure.gravatar.com\/avatar\/b63926e9b9d0dcf698d6148e42ad55d32fd25573ca6e03571bddf984706f7428?s=96&d=mm&r=g\",\"caption\":\"neorg_US\"},\"sameAs\":[\"https:\/\/radarprocess.com\/\"]}]}<\/script>\n<!-- \/ Yoast SEO plugin. -->","yoast_head_json":{"title":"Nos vemos del 10 al 12 de Mayo en Expos\u00f3lidos | Radar Process","description":"Nous vous attendons au 10e Salon international des technologies et de la transformation des solides, du 10 au 12 mai.","robots":{"index":"index","follow":"follow","max-snippet":"max-snippet:-1","max-image-preview":"max-image-preview:large","max-video-preview":"max-video-preview:-1"},"canonical":"https:\/\/radarprocess.com\/fr\/nos-vemos-del-10-al-12-de-mayo-en-exposolidos\/","og_locale":"fr_FR","og_type":"article","og_title":"Nos vemos del 10 al 12 de Mayo en Expos\u00f3lidos | Radar Process","og_description":"Nous vous attendons au 10e Salon international des technologies et de la transformation des solides, du 10 au 12 mai.","og_url":"https:\/\/radarprocess.com\/fr\/nos-vemos-del-10-al-12-de-mayo-en-exposolidos\/","og_site_name":"Radar Process","article_published_time":"2022-02-21T15:05:30+00:00","article_modified_time":"2023-06-22T14:27:10+00:00","og_image":[{"width":1600,"height":700,"url":"https:\/\/radarprocess.com\/wp-content\/uploads\/2022\/04\/exposolidos-2022-radar.jpg","type":"image\/jpeg"}],"author":"neorg_US","twitter_card":"summary_large_image","twitter_misc":{"\u00c9crit par":"neorg_US","Dur\u00e9e de lecture estim\u00e9e":"1 minute"},"schema":{"@context":"https:\/\/schema.org","@graph":[{"@type":"Article","@id":"https:\/\/radarprocess.com\/fr\/nos-vemos-del-10-al-12-de-mayo-en-exposolidos\/#article","isPartOf":{"@id":"https:\/\/radarprocess.com\/fr\/nos-vemos-del-10-al-12-de-mayo-en-exposolidos\/"},"author":{"name":"neorg_US","@id":"https:\/\/radarprocess.com\/#\/schema\/person\/765ef37ac377a8fa32ec58773e099de3"},"headline":"Nos vemos del 10 al 12 de Mayo en Expos\u00f3lidos","datePublished":"2022-02-21T15:05:30+00:00","dateModified":"2023-06-22T14:27:10+00:00","mainEntityOfPage":{"@id":"https:\/\/radarprocess.com\/fr\/nos-vemos-del-10-al-12-de-mayo-en-exposolidos\/"},"wordCount":72,"commentCount":0,"publisher":{"@id":"https:\/\/radarprocess.com\/#organization"},"image":{"@id":"https:\/\/radarprocess.com\/fr\/nos-vemos-del-10-al-12-de-mayo-en-exposolidos\/#primaryimage"},"thumbnailUrl":"https:\/\/radarprocess.com\/wp-content\/uploads\/2022\/04\/exposolidos-2022-radar.jpg","articleSection":["Non classifi\u00e9(e)"],"inLanguage":"fr-FR","potentialAction":[{"@type":"CommentAction","name":"Comment","target":["https:\/\/radarprocess.com\/fr\/nos-vemos-del-10-al-12-de-mayo-en-exposolidos\/#respond"]}]},{"@type":"WebPage","@id":"https:\/\/radarprocess.com\/fr\/nos-vemos-del-10-al-12-de-mayo-en-exposolidos\/","url":"https:\/\/radarprocess.com\/fr\/nos-vemos-del-10-al-12-de-mayo-en-exposolidos\/","name":"Nos vemos del 10 al 12 de Mayo en Expos\u00f3lidos | Radar Process","isPartOf":{"@id":"https:\/\/radarprocess.com\/#website"},"primaryImageOfPage":{"@id":"https:\/\/radarprocess.com\/fr\/nos-vemos-del-10-al-12-de-mayo-en-exposolidos\/#primaryimage"},"image":{"@id":"https:\/\/radarprocess.com\/fr\/nos-vemos-del-10-al-12-de-mayo-en-exposolidos\/#primaryimage"},"thumbnailUrl":"https:\/\/radarprocess.com\/wp-content\/uploads\/2022\/04\/exposolidos-2022-radar.jpg","datePublished":"2022-02-21T15:05:30+00:00","dateModified":"2023-06-22T14:27:10+00:00","description":"Nous vous attendons au 10e Salon international des technologies et de la transformation des solides, du 10 au 12 mai.","breadcrumb":{"@id":"https:\/\/radarprocess.com\/fr\/nos-vemos-del-10-al-12-de-mayo-en-exposolidos\/#breadcrumb"},"inLanguage":"fr-FR","potentialAction":[{"@type":"ReadAction","target":["https:\/\/radarprocess.com\/fr\/nos-vemos-del-10-al-12-de-mayo-en-exposolidos\/"]}]},{"@type":"ImageObject","inLanguage":"fr-FR","@id":"https:\/\/radarprocess.com\/fr\/nos-vemos-del-10-al-12-de-mayo-en-exposolidos\/#primaryimage","url":"https:\/\/radarprocess.com\/wp-content\/uploads\/2022\/04\/exposolidos-2022-radar.jpg","contentUrl":"https:\/\/radarprocess.com\/wp-content\/uploads\/2022\/04\/exposolidos-2022-radar.jpg","width":1600,"height":700,"caption":"salon exposolidos 2022"},{"@type":"BreadcrumbList","@id":"https:\/\/radarprocess.com\/fr\/nos-vemos-del-10-al-12-de-mayo-en-exposolidos\/#breadcrumb","itemListElement":[{"@type":"ListItem","position":1,"name":"Portada","item":"https:\/\/radarprocess.com\/fr\/"},{"@type":"ListItem","position":2,"name":"Nos vemos del 10 al 12 de Mayo en Expos\u00f3lidos"}]},{"@type":"WebSite","@id":"https:\/\/radarprocess.com\/#website","url":"https:\/\/radarprocess.com\/","name":"Radar Process","description":"Transporte neum\u00e1tico, dosificaci\u00f3n s\u00f3lidos y silos almacenado","publisher":{"@id":"https:\/\/radarprocess.com\/#organization"},"alternateName":"Radar Process","potentialAction":[{"@type":"SearchAction","target":{"@type":"EntryPoint","urlTemplate":"https:\/\/radarprocess.com\/?s={search_term_string}"},"query-input":{"@type":"PropertyValueSpecification","valueRequired":true,"valueName":"search_term_string"}}],"inLanguage":"fr-FR"},{"@type":"Organization","@id":"https:\/\/radarprocess.com\/#organization","name":"Radar Process","alternateName":"Radar Process","url":"https:\/\/radarprocess.com\/","logo":{"@type":"ImageObject","inLanguage":"fr-FR","@id":"https:\/\/radarprocess.com\/#\/schema\/logo\/image\/","url":"https:\/\/radarprocess.com\/wp-content\/uploads\/2021\/11\/logo-1.jpg","contentUrl":"https:\/\/radarprocess.com\/wp-content\/uploads\/2021\/11\/logo-1.jpg","width":330,"height":96,"caption":"Radar Process"},"image":{"@id":"https:\/\/radarprocess.com\/#\/schema\/logo\/image\/"},"sameAs":["https:\/\/www.linkedin.com\/company\/radar-process-sl\/"]},{"@type":"Person","@id":"https:\/\/radarprocess.com\/#\/schema\/person\/765ef37ac377a8fa32ec58773e099de3","name":"neorg_US","image":{"@type":"ImageObject","inLanguage":"fr-FR","@id":"https:\/\/radarprocess.com\/#\/schema\/person\/image\/","url":"https:\/\/secure.gravatar.com\/avatar\/b63926e9b9d0dcf698d6148e42ad55d32fd25573ca6e03571bddf984706f7428?s=96&d=mm&r=g","contentUrl":"https:\/\/secure.gravatar.com\/avatar\/b63926e9b9d0dcf698d6148e42ad55d32fd25573ca6e03571bddf984706f7428?s=96&d=mm&r=g","caption":"neorg_US"},"sameAs":["https:\/\/radarprocess.com\/"]}]}},"_links":{"self":[{"href":"https:\/\/radarprocess.com\/fr\/wp-json\/wp\/v2\/posts\/3269","targetHints":{"allow":["GET"]}}],"collection":[{"href":"https:\/\/radarprocess.com\/fr\/wp-json\/wp\/v2\/posts"}],"about":[{"href":"https:\/\/radarprocess.com\/fr\/wp-json\/wp\/v2\/types\/post"}],"author":[{"embeddable":true,"href":"https:\/\/radarprocess.com\/fr\/wp-json\/wp\/v2\/users\/1"}],"replies":[{"embeddable":true,"href":"https:\/\/radarprocess.com\/fr\/wp-json\/wp\/v2\/comments?post=3269"}],"version-history":[{"count":1,"href":"https:\/\/radarprocess.com\/fr\/wp-json\/wp\/v2\/posts\/3269\/revisions"}],"predecessor-version":[{"id":4505,"href":"https:\/\/radarprocess.com\/fr\/wp-json\/wp\/v2\/posts\/3269\/revisions\/4505"}],"wp:featuredmedia":[{"embeddable":true,"href":"https:\/\/radarprocess.com\/fr\/wp-json\/wp\/v2\/media\/2888"}],"wp:attachment":[{"href":"https:\/\/radarprocess.com\/fr\/wp-json\/wp\/v2\/media?parent=3269"}],"wp:term":[{"taxonomy":"category","embeddable":true,"href":"https:\/\/radarprocess.com\/fr\/wp-json\/wp\/v2\/categories?post=3269"},{"taxonomy":"post_tag","embeddable":true,"href":"https:\/\/radarprocess.com\/fr\/wp-json\/wp\/v2\/tags?post=3269"}],"curies":[{"name":"wp","href":"https:\/\/api.w.org\/{rel}","templated":true}]}}