{"id":3275,"date":"2021-03-29T13:41:52","date_gmt":"2021-03-29T11:41:52","guid":{"rendered":"https:\/\/radarprocess.com\/hemos-calculado-nuestra-huella-de-carbono\/"},"modified":"2023-06-22T16:30:11","modified_gmt":"2023-06-22T14:30:11","slug":"hemos-calculado-nuestra-huella-de-carbono","status":"publish","type":"post","link":"https:\/\/radarprocess.com\/fr\/hemos-calculado-nuestra-huella-de-carbono\/","title":{"rendered":"Hemos calculado nuestra huella de carbono"},"content":{"rendered":"<p>RADAR PROCESS RECIBE EL CERTIFICADO DE MEDICI\u00d3N DE LA HUELLA DE CARBONO<\/p>\n<p><a tabindex=\"-1\" href=\"https:\/\/www.linkedin.com\/company\/radar-process-sl\/\" data-attribute-index=\"1\" data-entity-hovercard-id=\"urn:li:fs_miniCompany:2245939\" data-entity-type=\"MINI_COMPANY\" aria-expanded=\"false\" aria-controls=\"undefined\">Radar Process<\/a>\u00a0ha sido certificado conforme ha calculado las emisiones de gases de efecto invernadero (GEI) generadas por su actividad durante el 2020, seg\u00fan los est\u00e1ndares de la iniciativa CeroCO2.<\/p>\n<p>Hemos medido la Huella de Carbono con el objetivo de identificar oportunidades para reducir nuestras emisiones y unirnos a la lucha contra el cambio clim\u00e1tico.<\/p>\n","protected":false},"excerpt":{"rendered":"<p>RADAR PROCESS RECIBE EL CERTIFICADO DE MEDICI\u00d3N DE LA HUELLA DE CARBONO Radar Process\u00a0ha sido certificado conforme ha calculado las emisiones de gases de efecto invernadero (GEI) generadas por su actividad durante el 2020, seg\u00fan los est\u00e1ndares de la iniciativa CeroCO2. Hemos medido la Huella de Carbono con el objetivo de identificar oportunidades para reducir&hellip;&nbsp;<a href=\"https:\/\/radarprocess.com\/fr\/hemos-calculado-nuestra-huella-de-carbono\/\" rel=\"bookmark\"><span class=\"screen-reader-text\">Hemos calculado nuestra huella de carbono<\/span><\/a><\/p>\n","protected":false},"author":1,"featured_media":2886,"comment_status":"open","ping_status":"open","sticky":false,"template":"","format":"standard","meta":{"_acf_changed":false,"neve_meta_sidebar":"","neve_meta_container":"","neve_meta_enable_content_width":"off","neve_meta_content_width":70,"neve_meta_title_alignment":"","neve_meta_author_avatar":"","neve_post_elements_order":"","neve_meta_disable_header":"","neve_meta_disable_footer":"","neve_meta_disable_title":"","footnotes":""},"categories":[11],"tags":[],"class_list":["post-3275","post","type-post","status-publish","format-standard","has-post-thumbnail","hentry","category-non-classifiee"],"acf":[],"yoast_head":"<!-- This site is optimized with the Yoast SEO plugin v26.9 - https:\/\/yoast.com\/product\/yoast-seo-wordpress\/ -->\n<title>Hemos calculado nuestra huella de carbono | Radar Process<\/title>\n<meta name=\"description\" content=\"Radar Process a \u00e9t\u00e9 certifi\u00e9 car il a calcul\u00e9 les \u00e9missions de gaz \u00e0 effet de serre g\u00e9n\u00e9r\u00e9es par son activit\u00e9 en 2020.\" \/>\n<meta name=\"robots\" content=\"index, follow, max-snippet:-1, max-image-preview:large, max-video-preview:-1\" \/>\n<link rel=\"canonical\" href=\"https:\/\/radarprocess.com\/fr\/hemos-calculado-nuestra-huella-de-carbono\/\" \/>\n<meta property=\"og:locale\" content=\"fr_FR\" \/>\n<meta property=\"og:type\" content=\"article\" \/>\n<meta property=\"og:title\" content=\"Hemos calculado nuestra huella de carbono | Radar Process\" \/>\n<meta property=\"og:description\" content=\"Radar Process a \u00e9t\u00e9 certifi\u00e9 car il a calcul\u00e9 les \u00e9missions de gaz \u00e0 effet de serre g\u00e9n\u00e9r\u00e9es par son activit\u00e9 en 2020.\" \/>\n<meta property=\"og:url\" content=\"https:\/\/radarprocess.com\/fr\/hemos-calculado-nuestra-huella-de-carbono\/\" \/>\n<meta property=\"og:site_name\" content=\"Radar Process\" \/>\n<meta property=\"article:published_time\" content=\"2021-03-29T11:41:52+00:00\" \/>\n<meta property=\"article:modified_time\" content=\"2023-06-22T14:30:11+00:00\" \/>\n<meta property=\"og:image\" content=\"https:\/\/radarprocess.com\/wp-content\/uploads\/2021\/10\/huella.jpg\" \/>\n\t<meta property=\"og:image:width\" content=\"1576\" \/>\n\t<meta property=\"og:image:height\" content=\"519\" \/>\n\t<meta property=\"og:image:type\" content=\"image\/jpeg\" \/>\n<meta name=\"author\" content=\"neorg_US\" \/>\n<meta name=\"twitter:card\" content=\"summary_large_image\" \/>\n<meta name=\"twitter:label1\" content=\"\u00c9crit par\" \/>\n\t<meta name=\"twitter:data1\" content=\"neorg_US\" \/>\n\t<meta name=\"twitter:label2\" content=\"Dur\u00e9e de lecture estim\u00e9e\" \/>\n\t<meta name=\"twitter:data2\" content=\"1 minute\" \/>\n<script type=\"application\/ld+json\" class=\"yoast-schema-graph\">{\"@context\":\"https:\/\/schema.org\",\"@graph\":[{\"@type\":\"Article\",\"@id\":\"https:\/\/radarprocess.com\/fr\/hemos-calculado-nuestra-huella-de-carbono\/#article\",\"isPartOf\":{\"@id\":\"https:\/\/radarprocess.com\/fr\/hemos-calculado-nuestra-huella-de-carbono\/\"},\"author\":{\"name\":\"neorg_US\",\"@id\":\"https:\/\/radarprocess.com\/#\/schema\/person\/765ef37ac377a8fa32ec58773e099de3\"},\"headline\":\"Hemos calculado nuestra huella de carbono\",\"datePublished\":\"2021-03-29T11:41:52+00:00\",\"dateModified\":\"2023-06-22T14:30:11+00:00\",\"mainEntityOfPage\":{\"@id\":\"https:\/\/radarprocess.com\/fr\/hemos-calculado-nuestra-huella-de-carbono\/\"},\"wordCount\":76,\"commentCount\":0,\"publisher\":{\"@id\":\"https:\/\/radarprocess.com\/#organization\"},\"image\":{\"@id\":\"https:\/\/radarprocess.com\/fr\/hemos-calculado-nuestra-huella-de-carbono\/#primaryimage\"},\"thumbnailUrl\":\"https:\/\/radarprocess.com\/wp-content\/uploads\/2021\/10\/huella.jpg\",\"articleSection\":[\"Non classifi\u00e9(e)\"],\"inLanguage\":\"fr-FR\",\"potentialAction\":[{\"@type\":\"CommentAction\",\"name\":\"Comment\",\"target\":[\"https:\/\/radarprocess.com\/fr\/hemos-calculado-nuestra-huella-de-carbono\/#respond\"]}]},{\"@type\":\"WebPage\",\"@id\":\"https:\/\/radarprocess.com\/fr\/hemos-calculado-nuestra-huella-de-carbono\/\",\"url\":\"https:\/\/radarprocess.com\/fr\/hemos-calculado-nuestra-huella-de-carbono\/\",\"name\":\"Hemos calculado nuestra huella de carbono | Radar Process\",\"isPartOf\":{\"@id\":\"https:\/\/radarprocess.com\/#website\"},\"primaryImageOfPage\":{\"@id\":\"https:\/\/radarprocess.com\/fr\/hemos-calculado-nuestra-huella-de-carbono\/#primaryimage\"},\"image\":{\"@id\":\"https:\/\/radarprocess.com\/fr\/hemos-calculado-nuestra-huella-de-carbono\/#primaryimage\"},\"thumbnailUrl\":\"https:\/\/radarprocess.com\/wp-content\/uploads\/2021\/10\/huella.jpg\",\"datePublished\":\"2021-03-29T11:41:52+00:00\",\"dateModified\":\"2023-06-22T14:30:11+00:00\",\"description\":\"Radar Process a \u00e9t\u00e9 certifi\u00e9 car il a calcul\u00e9 les \u00e9missions de gaz \u00e0 effet de serre g\u00e9n\u00e9r\u00e9es par son activit\u00e9 en 2020.\",\"breadcrumb\":{\"@id\":\"https:\/\/radarprocess.com\/fr\/hemos-calculado-nuestra-huella-de-carbono\/#breadcrumb\"},\"inLanguage\":\"fr-FR\",\"potentialAction\":[{\"@type\":\"ReadAction\",\"target\":[\"https:\/\/radarprocess.com\/fr\/hemos-calculado-nuestra-huella-de-carbono\/\"]}]},{\"@type\":\"ImageObject\",\"inLanguage\":\"fr-FR\",\"@id\":\"https:\/\/radarprocess.com\/fr\/hemos-calculado-nuestra-huella-de-carbono\/#primaryimage\",\"url\":\"https:\/\/radarprocess.com\/wp-content\/uploads\/2021\/10\/huella.jpg\",\"contentUrl\":\"https:\/\/radarprocess.com\/wp-content\/uploads\/2021\/10\/huella.jpg\",\"width\":1576,\"height\":519,\"caption\":\"huella carbono radar process co2\"},{\"@type\":\"BreadcrumbList\",\"@id\":\"https:\/\/radarprocess.com\/fr\/hemos-calculado-nuestra-huella-de-carbono\/#breadcrumb\",\"itemListElement\":[{\"@type\":\"ListItem\",\"position\":1,\"name\":\"Portada\",\"item\":\"https:\/\/radarprocess.com\/fr\/\"},{\"@type\":\"ListItem\",\"position\":2,\"name\":\"Hemos calculado nuestra huella de carbono\"}]},{\"@type\":\"WebSite\",\"@id\":\"https:\/\/radarprocess.com\/#website\",\"url\":\"https:\/\/radarprocess.com\/\",\"name\":\"Radar Process\",\"description\":\"Transporte neum\u00e1tico, dosificaci\u00f3n s\u00f3lidos y silos almacenado\",\"publisher\":{\"@id\":\"https:\/\/radarprocess.com\/#organization\"},\"alternateName\":\"Radar Process\",\"potentialAction\":[{\"@type\":\"SearchAction\",\"target\":{\"@type\":\"EntryPoint\",\"urlTemplate\":\"https:\/\/radarprocess.com\/?s={search_term_string}\"},\"query-input\":{\"@type\":\"PropertyValueSpecification\",\"valueRequired\":true,\"valueName\":\"search_term_string\"}}],\"inLanguage\":\"fr-FR\"},{\"@type\":\"Organization\",\"@id\":\"https:\/\/radarprocess.com\/#organization\",\"name\":\"Radar Process\",\"alternateName\":\"Radar Process\",\"url\":\"https:\/\/radarprocess.com\/\",\"logo\":{\"@type\":\"ImageObject\",\"inLanguage\":\"fr-FR\",\"@id\":\"https:\/\/radarprocess.com\/#\/schema\/logo\/image\/\",\"url\":\"https:\/\/radarprocess.com\/wp-content\/uploads\/2021\/11\/logo-1.jpg\",\"contentUrl\":\"https:\/\/radarprocess.com\/wp-content\/uploads\/2021\/11\/logo-1.jpg\",\"width\":330,\"height\":96,\"caption\":\"Radar Process\"},\"image\":{\"@id\":\"https:\/\/radarprocess.com\/#\/schema\/logo\/image\/\"},\"sameAs\":[\"https:\/\/www.linkedin.com\/company\/radar-process-sl\/\"]},{\"@type\":\"Person\",\"@id\":\"https:\/\/radarprocess.com\/#\/schema\/person\/765ef37ac377a8fa32ec58773e099de3\",\"name\":\"neorg_US\",\"image\":{\"@type\":\"ImageObject\",\"inLanguage\":\"fr-FR\",\"@id\":\"https:\/\/radarprocess.com\/#\/schema\/person\/image\/\",\"url\":\"https:\/\/secure.gravatar.com\/avatar\/b63926e9b9d0dcf698d6148e42ad55d32fd25573ca6e03571bddf984706f7428?s=96&d=mm&r=g\",\"contentUrl\":\"https:\/\/secure.gravatar.com\/avatar\/b63926e9b9d0dcf698d6148e42ad55d32fd25573ca6e03571bddf984706f7428?s=96&d=mm&r=g\",\"caption\":\"neorg_US\"},\"sameAs\":[\"https:\/\/radarprocess.com\/\"]}]}<\/script>\n<!-- \/ Yoast SEO plugin. -->","yoast_head_json":{"title":"Hemos calculado nuestra huella de carbono | Radar Process","description":"Radar Process a \u00e9t\u00e9 certifi\u00e9 car il a calcul\u00e9 les \u00e9missions de gaz \u00e0 effet de serre g\u00e9n\u00e9r\u00e9es par son activit\u00e9 en 2020.","robots":{"index":"index","follow":"follow","max-snippet":"max-snippet:-1","max-image-preview":"max-image-preview:large","max-video-preview":"max-video-preview:-1"},"canonical":"https:\/\/radarprocess.com\/fr\/hemos-calculado-nuestra-huella-de-carbono\/","og_locale":"fr_FR","og_type":"article","og_title":"Hemos calculado nuestra huella de carbono | Radar Process","og_description":"Radar Process a \u00e9t\u00e9 certifi\u00e9 car il a calcul\u00e9 les \u00e9missions de gaz \u00e0 effet de serre g\u00e9n\u00e9r\u00e9es par son activit\u00e9 en 2020.","og_url":"https:\/\/radarprocess.com\/fr\/hemos-calculado-nuestra-huella-de-carbono\/","og_site_name":"Radar Process","article_published_time":"2021-03-29T11:41:52+00:00","article_modified_time":"2023-06-22T14:30:11+00:00","og_image":[{"width":1576,"height":519,"url":"https:\/\/radarprocess.com\/wp-content\/uploads\/2021\/10\/huella.jpg","type":"image\/jpeg"}],"author":"neorg_US","twitter_card":"summary_large_image","twitter_misc":{"\u00c9crit par":"neorg_US","Dur\u00e9e de lecture estim\u00e9e":"1 minute"},"schema":{"@context":"https:\/\/schema.org","@graph":[{"@type":"Article","@id":"https:\/\/radarprocess.com\/fr\/hemos-calculado-nuestra-huella-de-carbono\/#article","isPartOf":{"@id":"https:\/\/radarprocess.com\/fr\/hemos-calculado-nuestra-huella-de-carbono\/"},"author":{"name":"neorg_US","@id":"https:\/\/radarprocess.com\/#\/schema\/person\/765ef37ac377a8fa32ec58773e099de3"},"headline":"Hemos calculado nuestra huella de carbono","datePublished":"2021-03-29T11:41:52+00:00","dateModified":"2023-06-22T14:30:11+00:00","mainEntityOfPage":{"@id":"https:\/\/radarprocess.com\/fr\/hemos-calculado-nuestra-huella-de-carbono\/"},"wordCount":76,"commentCount":0,"publisher":{"@id":"https:\/\/radarprocess.com\/#organization"},"image":{"@id":"https:\/\/radarprocess.com\/fr\/hemos-calculado-nuestra-huella-de-carbono\/#primaryimage"},"thumbnailUrl":"https:\/\/radarprocess.com\/wp-content\/uploads\/2021\/10\/huella.jpg","articleSection":["Non classifi\u00e9(e)"],"inLanguage":"fr-FR","potentialAction":[{"@type":"CommentAction","name":"Comment","target":["https:\/\/radarprocess.com\/fr\/hemos-calculado-nuestra-huella-de-carbono\/#respond"]}]},{"@type":"WebPage","@id":"https:\/\/radarprocess.com\/fr\/hemos-calculado-nuestra-huella-de-carbono\/","url":"https:\/\/radarprocess.com\/fr\/hemos-calculado-nuestra-huella-de-carbono\/","name":"Hemos calculado nuestra huella de carbono | Radar Process","isPartOf":{"@id":"https:\/\/radarprocess.com\/#website"},"primaryImageOfPage":{"@id":"https:\/\/radarprocess.com\/fr\/hemos-calculado-nuestra-huella-de-carbono\/#primaryimage"},"image":{"@id":"https:\/\/radarprocess.com\/fr\/hemos-calculado-nuestra-huella-de-carbono\/#primaryimage"},"thumbnailUrl":"https:\/\/radarprocess.com\/wp-content\/uploads\/2021\/10\/huella.jpg","datePublished":"2021-03-29T11:41:52+00:00","dateModified":"2023-06-22T14:30:11+00:00","description":"Radar Process a \u00e9t\u00e9 certifi\u00e9 car il a calcul\u00e9 les \u00e9missions de gaz \u00e0 effet de serre g\u00e9n\u00e9r\u00e9es par son activit\u00e9 en 2020.","breadcrumb":{"@id":"https:\/\/radarprocess.com\/fr\/hemos-calculado-nuestra-huella-de-carbono\/#breadcrumb"},"inLanguage":"fr-FR","potentialAction":[{"@type":"ReadAction","target":["https:\/\/radarprocess.com\/fr\/hemos-calculado-nuestra-huella-de-carbono\/"]}]},{"@type":"ImageObject","inLanguage":"fr-FR","@id":"https:\/\/radarprocess.com\/fr\/hemos-calculado-nuestra-huella-de-carbono\/#primaryimage","url":"https:\/\/radarprocess.com\/wp-content\/uploads\/2021\/10\/huella.jpg","contentUrl":"https:\/\/radarprocess.com\/wp-content\/uploads\/2021\/10\/huella.jpg","width":1576,"height":519,"caption":"huella carbono radar process co2"},{"@type":"BreadcrumbList","@id":"https:\/\/radarprocess.com\/fr\/hemos-calculado-nuestra-huella-de-carbono\/#breadcrumb","itemListElement":[{"@type":"ListItem","position":1,"name":"Portada","item":"https:\/\/radarprocess.com\/fr\/"},{"@type":"ListItem","position":2,"name":"Hemos calculado nuestra huella de carbono"}]},{"@type":"WebSite","@id":"https:\/\/radarprocess.com\/#website","url":"https:\/\/radarprocess.com\/","name":"Radar Process","description":"Transporte neum\u00e1tico, dosificaci\u00f3n s\u00f3lidos y silos almacenado","publisher":{"@id":"https:\/\/radarprocess.com\/#organization"},"alternateName":"Radar Process","potentialAction":[{"@type":"SearchAction","target":{"@type":"EntryPoint","urlTemplate":"https:\/\/radarprocess.com\/?s={search_term_string}"},"query-input":{"@type":"PropertyValueSpecification","valueRequired":true,"valueName":"search_term_string"}}],"inLanguage":"fr-FR"},{"@type":"Organization","@id":"https:\/\/radarprocess.com\/#organization","name":"Radar Process","alternateName":"Radar Process","url":"https:\/\/radarprocess.com\/","logo":{"@type":"ImageObject","inLanguage":"fr-FR","@id":"https:\/\/radarprocess.com\/#\/schema\/logo\/image\/","url":"https:\/\/radarprocess.com\/wp-content\/uploads\/2021\/11\/logo-1.jpg","contentUrl":"https:\/\/radarprocess.com\/wp-content\/uploads\/2021\/11\/logo-1.jpg","width":330,"height":96,"caption":"Radar Process"},"image":{"@id":"https:\/\/radarprocess.com\/#\/schema\/logo\/image\/"},"sameAs":["https:\/\/www.linkedin.com\/company\/radar-process-sl\/"]},{"@type":"Person","@id":"https:\/\/radarprocess.com\/#\/schema\/person\/765ef37ac377a8fa32ec58773e099de3","name":"neorg_US","image":{"@type":"ImageObject","inLanguage":"fr-FR","@id":"https:\/\/radarprocess.com\/#\/schema\/person\/image\/","url":"https:\/\/secure.gravatar.com\/avatar\/b63926e9b9d0dcf698d6148e42ad55d32fd25573ca6e03571bddf984706f7428?s=96&d=mm&r=g","contentUrl":"https:\/\/secure.gravatar.com\/avatar\/b63926e9b9d0dcf698d6148e42ad55d32fd25573ca6e03571bddf984706f7428?s=96&d=mm&r=g","caption":"neorg_US"},"sameAs":["https:\/\/radarprocess.com\/"]}]}},"_links":{"self":[{"href":"https:\/\/radarprocess.com\/fr\/wp-json\/wp\/v2\/posts\/3275","targetHints":{"allow":["GET"]}}],"collection":[{"href":"https:\/\/radarprocess.com\/fr\/wp-json\/wp\/v2\/posts"}],"about":[{"href":"https:\/\/radarprocess.com\/fr\/wp-json\/wp\/v2\/types\/post"}],"author":[{"embeddable":true,"href":"https:\/\/radarprocess.com\/fr\/wp-json\/wp\/v2\/users\/1"}],"replies":[{"embeddable":true,"href":"https:\/\/radarprocess.com\/fr\/wp-json\/wp\/v2\/comments?post=3275"}],"version-history":[{"count":1,"href":"https:\/\/radarprocess.com\/fr\/wp-json\/wp\/v2\/posts\/3275\/revisions"}],"predecessor-version":[{"id":4511,"href":"https:\/\/radarprocess.com\/fr\/wp-json\/wp\/v2\/posts\/3275\/revisions\/4511"}],"wp:featuredmedia":[{"embeddable":true,"href":"https:\/\/radarprocess.com\/fr\/wp-json\/wp\/v2\/media\/2886"}],"wp:attachment":[{"href":"https:\/\/radarprocess.com\/fr\/wp-json\/wp\/v2\/media?parent=3275"}],"wp:term":[{"taxonomy":"category","embeddable":true,"href":"https:\/\/radarprocess.com\/fr\/wp-json\/wp\/v2\/categories?post=3275"},{"taxonomy":"post_tag","embeddable":true,"href":"https:\/\/radarprocess.com\/fr\/wp-json\/wp\/v2\/tags?post=3275"}],"curies":[{"name":"wp","href":"https:\/\/api.w.org\/{rel}","templated":true}]}}