{"id":3281,"date":"2022-04-05T15:42:05","date_gmt":"2022-04-05T13:42:05","guid":{"rendered":"https:\/\/radarprocess.com\/radar-process-participa-por-primera-vez-en-cfia-del-8-al-10-de-junio-en-rennes-francia\/"},"modified":"2023-06-22T16:40:38","modified_gmt":"2023-06-22T14:40:38","slug":"radar-process-participa-por-primera-vez-en-cfia-del-8-al-10-de-junio-en-rennes-francia","status":"publish","type":"post","link":"https:\/\/radarprocess.com\/fr\/radar-process-participa-por-primera-vez-en-cfia-del-8-al-10-de-junio-en-rennes-francia\/","title":{"rendered":"Radar Process participa por primera vez en Cfia del 8 al 10 de Junio en Rennes, Francia"},"content":{"rendered":"<p>TE ESPERAMOS EN EL STAND C13 EN EL HALL 6 DE LA FERIA CFIA, DEL\u00a08 AL\u00a010 DE\u00a0JUNIO EN RENNES, FRANCIA.<\/p>\n<p>Estaremos presentes con en la feria de la industria agroalimentaria francesa, del\u00a08 al\u00a010 de junio.<\/p>\n<p>Para m\u00e1s informaci\u00f3n, pod\u00e9is visitar la web de la feria:<\/p>\n<p><a href=\"https:\/\/www.cfiaexpo.com\/\">www.cfiaexpo.com<\/a><\/p>\n","protected":false},"excerpt":{"rendered":"<p>TE ESPERAMOS EN EL STAND C13 EN EL HALL 6 DE LA FERIA CFIA, DEL\u00a08 AL\u00a010 DE\u00a0JUNIO EN RENNES, FRANCIA. Estaremos presentes con en la feria de la industria agroalimentaria francesa, del\u00a08 al\u00a010 de junio. Para m\u00e1s informaci\u00f3n, pod\u00e9is visitar la web de la feria: www.cfiaexpo.com<\/p>\n","protected":false},"author":1,"featured_media":2876,"comment_status":"open","ping_status":"open","sticky":false,"template":"","format":"standard","meta":{"_acf_changed":false,"neve_meta_sidebar":"","neve_meta_container":"","neve_meta_enable_content_width":"off","neve_meta_content_width":70,"neve_meta_title_alignment":"","neve_meta_author_avatar":"","neve_post_elements_order":"","neve_meta_disable_header":"","neve_meta_disable_footer":"","neve_meta_disable_title":"","footnotes":""},"categories":[11],"tags":[],"class_list":["post-3281","post","type-post","status-publish","format-standard","has-post-thumbnail","hentry","category-non-classifiee"],"acf":[],"yoast_head":"<!-- This site is optimized with the Yoast SEO plugin v26.9 - https:\/\/yoast.com\/product\/yoast-seo-wordpress\/ -->\n<title>Radar Process participa por primera vez en Cfia del 8 al 10 de Junio en Rennes, Francia | Radar Process<\/title>\n<meta name=\"description\" content=\"Nous serons pr\u00e9sents au salon latino-am\u00e9ricain des technologies d&#039;emballage et de traitement, Expopack 2022.\" \/>\n<meta name=\"robots\" content=\"index, follow, max-snippet:-1, max-image-preview:large, max-video-preview:-1\" \/>\n<link rel=\"canonical\" href=\"https:\/\/radarprocess.com\/fr\/radar-process-participa-por-primera-vez-en-cfia-del-8-al-10-de-junio-en-rennes-francia\/\" \/>\n<meta property=\"og:locale\" content=\"fr_FR\" \/>\n<meta property=\"og:type\" content=\"article\" \/>\n<meta property=\"og:title\" content=\"Radar Process participa por primera vez en Cfia del 8 al 10 de Junio en Rennes, Francia | Radar Process\" \/>\n<meta property=\"og:description\" content=\"Nous serons pr\u00e9sents au salon latino-am\u00e9ricain des technologies d&#039;emballage et de traitement, Expopack 2022.\" \/>\n<meta property=\"og:url\" content=\"https:\/\/radarprocess.com\/fr\/radar-process-participa-por-primera-vez-en-cfia-del-8-al-10-de-junio-en-rennes-francia\/\" \/>\n<meta property=\"og:site_name\" content=\"Radar Process\" \/>\n<meta property=\"article:published_time\" content=\"2022-04-05T13:42:05+00:00\" \/>\n<meta property=\"article:modified_time\" content=\"2023-06-22T14:40:38+00:00\" \/>\n<meta property=\"og:image\" content=\"https:\/\/radarprocess.com\/wp-content\/uploads\/2020\/02\/cfia.jpg\" \/>\n\t<meta property=\"og:image:width\" content=\"1500\" \/>\n\t<meta property=\"og:image:height\" content=\"908\" \/>\n\t<meta property=\"og:image:type\" content=\"image\/jpeg\" \/>\n<meta name=\"author\" content=\"neorg_US\" \/>\n<meta name=\"twitter:card\" content=\"summary_large_image\" \/>\n<meta name=\"twitter:label1\" content=\"\u00c9crit par\" \/>\n\t<meta name=\"twitter:data1\" content=\"neorg_US\" \/>\n\t<meta name=\"twitter:label2\" content=\"Dur\u00e9e de lecture estim\u00e9e\" \/>\n\t<meta name=\"twitter:data2\" content=\"1 minute\" \/>\n<script type=\"application\/ld+json\" class=\"yoast-schema-graph\">{\"@context\":\"https:\/\/schema.org\",\"@graph\":[{\"@type\":\"Article\",\"@id\":\"https:\/\/radarprocess.com\/fr\/radar-process-participa-por-primera-vez-en-cfia-del-8-al-10-de-junio-en-rennes-francia\/#article\",\"isPartOf\":{\"@id\":\"https:\/\/radarprocess.com\/fr\/radar-process-participa-por-primera-vez-en-cfia-del-8-al-10-de-junio-en-rennes-francia\/\"},\"author\":{\"name\":\"neorg_US\",\"@id\":\"https:\/\/radarprocess.com\/#\/schema\/person\/765ef37ac377a8fa32ec58773e099de3\"},\"headline\":\"Radar Process participa por primera vez en Cfia del 8 al 10 de Junio en Rennes, Francia\",\"datePublished\":\"2022-04-05T13:42:05+00:00\",\"dateModified\":\"2023-06-22T14:40:38+00:00\",\"mainEntityOfPage\":{\"@id\":\"https:\/\/radarprocess.com\/fr\/radar-process-participa-por-primera-vez-en-cfia-del-8-al-10-de-junio-en-rennes-francia\/\"},\"wordCount\":66,\"commentCount\":0,\"publisher\":{\"@id\":\"https:\/\/radarprocess.com\/#organization\"},\"image\":{\"@id\":\"https:\/\/radarprocess.com\/fr\/radar-process-participa-por-primera-vez-en-cfia-del-8-al-10-de-junio-en-rennes-francia\/#primaryimage\"},\"thumbnailUrl\":\"https:\/\/radarprocess.com\/wp-content\/uploads\/2020\/02\/cfia.jpg\",\"articleSection\":[\"Non classifi\u00e9(e)\"],\"inLanguage\":\"fr-FR\",\"potentialAction\":[{\"@type\":\"CommentAction\",\"name\":\"Comment\",\"target\":[\"https:\/\/radarprocess.com\/fr\/radar-process-participa-por-primera-vez-en-cfia-del-8-al-10-de-junio-en-rennes-francia\/#respond\"]}]},{\"@type\":\"WebPage\",\"@id\":\"https:\/\/radarprocess.com\/fr\/radar-process-participa-por-primera-vez-en-cfia-del-8-al-10-de-junio-en-rennes-francia\/\",\"url\":\"https:\/\/radarprocess.com\/fr\/radar-process-participa-por-primera-vez-en-cfia-del-8-al-10-de-junio-en-rennes-francia\/\",\"name\":\"Radar Process participa por primera vez en Cfia del 8 al 10 de Junio en Rennes, Francia | Radar Process\",\"isPartOf\":{\"@id\":\"https:\/\/radarprocess.com\/#website\"},\"primaryImageOfPage\":{\"@id\":\"https:\/\/radarprocess.com\/fr\/radar-process-participa-por-primera-vez-en-cfia-del-8-al-10-de-junio-en-rennes-francia\/#primaryimage\"},\"image\":{\"@id\":\"https:\/\/radarprocess.com\/fr\/radar-process-participa-por-primera-vez-en-cfia-del-8-al-10-de-junio-en-rennes-francia\/#primaryimage\"},\"thumbnailUrl\":\"https:\/\/radarprocess.com\/wp-content\/uploads\/2020\/02\/cfia.jpg\",\"datePublished\":\"2022-04-05T13:42:05+00:00\",\"dateModified\":\"2023-06-22T14:40:38+00:00\",\"description\":\"Nous serons pr\u00e9sents au salon latino-am\u00e9ricain des technologies d'emballage et de traitement, Expopack 2022.\",\"breadcrumb\":{\"@id\":\"https:\/\/radarprocess.com\/fr\/radar-process-participa-por-primera-vez-en-cfia-del-8-al-10-de-junio-en-rennes-francia\/#breadcrumb\"},\"inLanguage\":\"fr-FR\",\"potentialAction\":[{\"@type\":\"ReadAction\",\"target\":[\"https:\/\/radarprocess.com\/fr\/radar-process-participa-por-primera-vez-en-cfia-del-8-al-10-de-junio-en-rennes-francia\/\"]}]},{\"@type\":\"ImageObject\",\"inLanguage\":\"fr-FR\",\"@id\":\"https:\/\/radarprocess.com\/fr\/radar-process-participa-por-primera-vez-en-cfia-del-8-al-10-de-junio-en-rennes-francia\/#primaryimage\",\"url\":\"https:\/\/radarprocess.com\/wp-content\/uploads\/2020\/02\/cfia.jpg\",\"contentUrl\":\"https:\/\/radarprocess.com\/wp-content\/uploads\/2020\/02\/cfia.jpg\",\"width\":1500,\"height\":908,\"caption\":\"CIFA Consultor\u00eda e Instalaciones Farmac\u00e9uticas y Alimentarias\"},{\"@type\":\"BreadcrumbList\",\"@id\":\"https:\/\/radarprocess.com\/fr\/radar-process-participa-por-primera-vez-en-cfia-del-8-al-10-de-junio-en-rennes-francia\/#breadcrumb\",\"itemListElement\":[{\"@type\":\"ListItem\",\"position\":1,\"name\":\"Portada\",\"item\":\"https:\/\/radarprocess.com\/fr\/\"},{\"@type\":\"ListItem\",\"position\":2,\"name\":\"Radar Process participa por primera vez en Cfia del 8 al 10 de Junio en Rennes, Francia\"}]},{\"@type\":\"WebSite\",\"@id\":\"https:\/\/radarprocess.com\/#website\",\"url\":\"https:\/\/radarprocess.com\/\",\"name\":\"Radar Process\",\"description\":\"Transporte neum\u00e1tico, dosificaci\u00f3n s\u00f3lidos y silos almacenado\",\"publisher\":{\"@id\":\"https:\/\/radarprocess.com\/#organization\"},\"alternateName\":\"Radar Process\",\"potentialAction\":[{\"@type\":\"SearchAction\",\"target\":{\"@type\":\"EntryPoint\",\"urlTemplate\":\"https:\/\/radarprocess.com\/?s={search_term_string}\"},\"query-input\":{\"@type\":\"PropertyValueSpecification\",\"valueRequired\":true,\"valueName\":\"search_term_string\"}}],\"inLanguage\":\"fr-FR\"},{\"@type\":\"Organization\",\"@id\":\"https:\/\/radarprocess.com\/#organization\",\"name\":\"Radar Process\",\"alternateName\":\"Radar Process\",\"url\":\"https:\/\/radarprocess.com\/\",\"logo\":{\"@type\":\"ImageObject\",\"inLanguage\":\"fr-FR\",\"@id\":\"https:\/\/radarprocess.com\/#\/schema\/logo\/image\/\",\"url\":\"https:\/\/radarprocess.com\/wp-content\/uploads\/2021\/11\/logo-1.jpg\",\"contentUrl\":\"https:\/\/radarprocess.com\/wp-content\/uploads\/2021\/11\/logo-1.jpg\",\"width\":330,\"height\":96,\"caption\":\"Radar Process\"},\"image\":{\"@id\":\"https:\/\/radarprocess.com\/#\/schema\/logo\/image\/\"},\"sameAs\":[\"https:\/\/www.linkedin.com\/company\/radar-process-sl\/\"]},{\"@type\":\"Person\",\"@id\":\"https:\/\/radarprocess.com\/#\/schema\/person\/765ef37ac377a8fa32ec58773e099de3\",\"name\":\"neorg_US\",\"image\":{\"@type\":\"ImageObject\",\"inLanguage\":\"fr-FR\",\"@id\":\"https:\/\/radarprocess.com\/#\/schema\/person\/image\/\",\"url\":\"https:\/\/secure.gravatar.com\/avatar\/b63926e9b9d0dcf698d6148e42ad55d32fd25573ca6e03571bddf984706f7428?s=96&d=mm&r=g\",\"contentUrl\":\"https:\/\/secure.gravatar.com\/avatar\/b63926e9b9d0dcf698d6148e42ad55d32fd25573ca6e03571bddf984706f7428?s=96&d=mm&r=g\",\"caption\":\"neorg_US\"},\"sameAs\":[\"https:\/\/radarprocess.com\/\"]}]}<\/script>\n<!-- \/ Yoast SEO plugin. -->","yoast_head_json":{"title":"Radar Process participa por primera vez en Cfia del 8 al 10 de Junio en Rennes, Francia | Radar Process","description":"Nous serons pr\u00e9sents au salon latino-am\u00e9ricain des technologies d'emballage et de traitement, Expopack 2022.","robots":{"index":"index","follow":"follow","max-snippet":"max-snippet:-1","max-image-preview":"max-image-preview:large","max-video-preview":"max-video-preview:-1"},"canonical":"https:\/\/radarprocess.com\/fr\/radar-process-participa-por-primera-vez-en-cfia-del-8-al-10-de-junio-en-rennes-francia\/","og_locale":"fr_FR","og_type":"article","og_title":"Radar Process participa por primera vez en Cfia del 8 al 10 de Junio en Rennes, Francia | Radar Process","og_description":"Nous serons pr\u00e9sents au salon latino-am\u00e9ricain des technologies d'emballage et de traitement, Expopack 2022.","og_url":"https:\/\/radarprocess.com\/fr\/radar-process-participa-por-primera-vez-en-cfia-del-8-al-10-de-junio-en-rennes-francia\/","og_site_name":"Radar Process","article_published_time":"2022-04-05T13:42:05+00:00","article_modified_time":"2023-06-22T14:40:38+00:00","og_image":[{"width":1500,"height":908,"url":"https:\/\/radarprocess.com\/wp-content\/uploads\/2020\/02\/cfia.jpg","type":"image\/jpeg"}],"author":"neorg_US","twitter_card":"summary_large_image","twitter_misc":{"\u00c9crit par":"neorg_US","Dur\u00e9e de lecture estim\u00e9e":"1 minute"},"schema":{"@context":"https:\/\/schema.org","@graph":[{"@type":"Article","@id":"https:\/\/radarprocess.com\/fr\/radar-process-participa-por-primera-vez-en-cfia-del-8-al-10-de-junio-en-rennes-francia\/#article","isPartOf":{"@id":"https:\/\/radarprocess.com\/fr\/radar-process-participa-por-primera-vez-en-cfia-del-8-al-10-de-junio-en-rennes-francia\/"},"author":{"name":"neorg_US","@id":"https:\/\/radarprocess.com\/#\/schema\/person\/765ef37ac377a8fa32ec58773e099de3"},"headline":"Radar Process participa por primera vez en Cfia del 8 al 10 de Junio en Rennes, Francia","datePublished":"2022-04-05T13:42:05+00:00","dateModified":"2023-06-22T14:40:38+00:00","mainEntityOfPage":{"@id":"https:\/\/radarprocess.com\/fr\/radar-process-participa-por-primera-vez-en-cfia-del-8-al-10-de-junio-en-rennes-francia\/"},"wordCount":66,"commentCount":0,"publisher":{"@id":"https:\/\/radarprocess.com\/#organization"},"image":{"@id":"https:\/\/radarprocess.com\/fr\/radar-process-participa-por-primera-vez-en-cfia-del-8-al-10-de-junio-en-rennes-francia\/#primaryimage"},"thumbnailUrl":"https:\/\/radarprocess.com\/wp-content\/uploads\/2020\/02\/cfia.jpg","articleSection":["Non classifi\u00e9(e)"],"inLanguage":"fr-FR","potentialAction":[{"@type":"CommentAction","name":"Comment","target":["https:\/\/radarprocess.com\/fr\/radar-process-participa-por-primera-vez-en-cfia-del-8-al-10-de-junio-en-rennes-francia\/#respond"]}]},{"@type":"WebPage","@id":"https:\/\/radarprocess.com\/fr\/radar-process-participa-por-primera-vez-en-cfia-del-8-al-10-de-junio-en-rennes-francia\/","url":"https:\/\/radarprocess.com\/fr\/radar-process-participa-por-primera-vez-en-cfia-del-8-al-10-de-junio-en-rennes-francia\/","name":"Radar Process participa por primera vez en Cfia del 8 al 10 de Junio en Rennes, Francia | Radar Process","isPartOf":{"@id":"https:\/\/radarprocess.com\/#website"},"primaryImageOfPage":{"@id":"https:\/\/radarprocess.com\/fr\/radar-process-participa-por-primera-vez-en-cfia-del-8-al-10-de-junio-en-rennes-francia\/#primaryimage"},"image":{"@id":"https:\/\/radarprocess.com\/fr\/radar-process-participa-por-primera-vez-en-cfia-del-8-al-10-de-junio-en-rennes-francia\/#primaryimage"},"thumbnailUrl":"https:\/\/radarprocess.com\/wp-content\/uploads\/2020\/02\/cfia.jpg","datePublished":"2022-04-05T13:42:05+00:00","dateModified":"2023-06-22T14:40:38+00:00","description":"Nous serons pr\u00e9sents au salon latino-am\u00e9ricain des technologies d'emballage et de traitement, Expopack 2022.","breadcrumb":{"@id":"https:\/\/radarprocess.com\/fr\/radar-process-participa-por-primera-vez-en-cfia-del-8-al-10-de-junio-en-rennes-francia\/#breadcrumb"},"inLanguage":"fr-FR","potentialAction":[{"@type":"ReadAction","target":["https:\/\/radarprocess.com\/fr\/radar-process-participa-por-primera-vez-en-cfia-del-8-al-10-de-junio-en-rennes-francia\/"]}]},{"@type":"ImageObject","inLanguage":"fr-FR","@id":"https:\/\/radarprocess.com\/fr\/radar-process-participa-por-primera-vez-en-cfia-del-8-al-10-de-junio-en-rennes-francia\/#primaryimage","url":"https:\/\/radarprocess.com\/wp-content\/uploads\/2020\/02\/cfia.jpg","contentUrl":"https:\/\/radarprocess.com\/wp-content\/uploads\/2020\/02\/cfia.jpg","width":1500,"height":908,"caption":"CIFA Consultor\u00eda e Instalaciones Farmac\u00e9uticas y Alimentarias"},{"@type":"BreadcrumbList","@id":"https:\/\/radarprocess.com\/fr\/radar-process-participa-por-primera-vez-en-cfia-del-8-al-10-de-junio-en-rennes-francia\/#breadcrumb","itemListElement":[{"@type":"ListItem","position":1,"name":"Portada","item":"https:\/\/radarprocess.com\/fr\/"},{"@type":"ListItem","position":2,"name":"Radar Process participa por primera vez en Cfia del 8 al 10 de Junio en Rennes, Francia"}]},{"@type":"WebSite","@id":"https:\/\/radarprocess.com\/#website","url":"https:\/\/radarprocess.com\/","name":"Radar Process","description":"Transporte neum\u00e1tico, dosificaci\u00f3n s\u00f3lidos y silos almacenado","publisher":{"@id":"https:\/\/radarprocess.com\/#organization"},"alternateName":"Radar Process","potentialAction":[{"@type":"SearchAction","target":{"@type":"EntryPoint","urlTemplate":"https:\/\/radarprocess.com\/?s={search_term_string}"},"query-input":{"@type":"PropertyValueSpecification","valueRequired":true,"valueName":"search_term_string"}}],"inLanguage":"fr-FR"},{"@type":"Organization","@id":"https:\/\/radarprocess.com\/#organization","name":"Radar Process","alternateName":"Radar Process","url":"https:\/\/radarprocess.com\/","logo":{"@type":"ImageObject","inLanguage":"fr-FR","@id":"https:\/\/radarprocess.com\/#\/schema\/logo\/image\/","url":"https:\/\/radarprocess.com\/wp-content\/uploads\/2021\/11\/logo-1.jpg","contentUrl":"https:\/\/radarprocess.com\/wp-content\/uploads\/2021\/11\/logo-1.jpg","width":330,"height":96,"caption":"Radar Process"},"image":{"@id":"https:\/\/radarprocess.com\/#\/schema\/logo\/image\/"},"sameAs":["https:\/\/www.linkedin.com\/company\/radar-process-sl\/"]},{"@type":"Person","@id":"https:\/\/radarprocess.com\/#\/schema\/person\/765ef37ac377a8fa32ec58773e099de3","name":"neorg_US","image":{"@type":"ImageObject","inLanguage":"fr-FR","@id":"https:\/\/radarprocess.com\/#\/schema\/person\/image\/","url":"https:\/\/secure.gravatar.com\/avatar\/b63926e9b9d0dcf698d6148e42ad55d32fd25573ca6e03571bddf984706f7428?s=96&d=mm&r=g","contentUrl":"https:\/\/secure.gravatar.com\/avatar\/b63926e9b9d0dcf698d6148e42ad55d32fd25573ca6e03571bddf984706f7428?s=96&d=mm&r=g","caption":"neorg_US"},"sameAs":["https:\/\/radarprocess.com\/"]}]}},"_links":{"self":[{"href":"https:\/\/radarprocess.com\/fr\/wp-json\/wp\/v2\/posts\/3281","targetHints":{"allow":["GET"]}}],"collection":[{"href":"https:\/\/radarprocess.com\/fr\/wp-json\/wp\/v2\/posts"}],"about":[{"href":"https:\/\/radarprocess.com\/fr\/wp-json\/wp\/v2\/types\/post"}],"author":[{"embeddable":true,"href":"https:\/\/radarprocess.com\/fr\/wp-json\/wp\/v2\/users\/1"}],"replies":[{"embeddable":true,"href":"https:\/\/radarprocess.com\/fr\/wp-json\/wp\/v2\/comments?post=3281"}],"version-history":[{"count":1,"href":"https:\/\/radarprocess.com\/fr\/wp-json\/wp\/v2\/posts\/3281\/revisions"}],"predecessor-version":[{"id":4517,"href":"https:\/\/radarprocess.com\/fr\/wp-json\/wp\/v2\/posts\/3281\/revisions\/4517"}],"wp:featuredmedia":[{"embeddable":true,"href":"https:\/\/radarprocess.com\/fr\/wp-json\/wp\/v2\/media\/2876"}],"wp:attachment":[{"href":"https:\/\/radarprocess.com\/fr\/wp-json\/wp\/v2\/media?parent=3281"}],"wp:term":[{"taxonomy":"category","embeddable":true,"href":"https:\/\/radarprocess.com\/fr\/wp-json\/wp\/v2\/categories?post=3281"},{"taxonomy":"post_tag","embeddable":true,"href":"https:\/\/radarprocess.com\/fr\/wp-json\/wp\/v2\/tags?post=3281"}],"curies":[{"name":"wp","href":"https:\/\/api.w.org\/{rel}","templated":true}]}}