{"id":3283,"date":"2022-05-20T15:40:43","date_gmt":"2022-05-20T13:40:43","guid":{"rendered":"https:\/\/radarprocess.com\/radar-process-participa-por-primera-vez-en-snackex-del-27-al-28-de-junio-en-barcelona\/"},"modified":"2023-06-22T16:41:26","modified_gmt":"2023-06-22T14:41:26","slug":"radar-process-participa-por-primera-vez-en-snackex-del-27-al-28-de-junio-en-barcelona","status":"publish","type":"post","link":"https:\/\/radarprocess.com\/fr\/radar-process-participa-por-primera-vez-en-snackex-del-27-al-28-de-junio-en-barcelona\/","title":{"rendered":"Radar Process participa por primera vez en Snackex del 27 al 28 de Junio en Barcelona"},"content":{"rendered":"<p>TE ESPERAMOS EN EL STAND 620 DE SNACKEX, DEL 27 AL 28 DE JUNIO EN EL CCIB DE BARCELONA.<\/p>\n<p>Estaremos presentes con nuestros compa\u00f1eros de IMCO Process &amp; Packaging en el stand 620.<\/p>\n<p>Para m\u00e1s informaci\u00f3n, pod\u00e9is visitar la web de la feria:<\/p>\n<p><a href=\"http:\/\/www.snackex.com\/\">www.snackex.com<\/a><\/p>\n","protected":false},"excerpt":{"rendered":"<p>TE ESPERAMOS EN EL STAND 620 DE SNACKEX, DEL 27 AL 28 DE JUNIO EN EL CCIB DE BARCELONA. Estaremos presentes con nuestros compa\u00f1eros de IMCO Process &amp; Packaging en el stand 620. Para m\u00e1s informaci\u00f3n, pod\u00e9is visitar la web de la feria: www.snackex.com<\/p>\n","protected":false},"author":1,"featured_media":2874,"comment_status":"open","ping_status":"open","sticky":false,"template":"","format":"standard","meta":{"_acf_changed":false,"neve_meta_sidebar":"","neve_meta_container":"","neve_meta_enable_content_width":"off","neve_meta_content_width":70,"neve_meta_title_alignment":"","neve_meta_author_avatar":"","neve_post_elements_order":"","neve_meta_disable_header":"","neve_meta_disable_footer":"","neve_meta_disable_title":"","footnotes":""},"categories":[11],"tags":[],"class_list":["post-3283","post","type-post","status-publish","format-standard","has-post-thumbnail","hentry","category-non-classifiee"],"acf":[],"yoast_head":"<!-- This site is optimized with the Yoast SEO plugin v26.9 - https:\/\/yoast.com\/product\/yoast-seo-wordpress\/ -->\n<title>Radar Process participa por primera vez en Snackex del 27 al 28 de Junio en Barcelona | Radar Process<\/title>\n<meta name=\"description\" content=\"Nous serons pr\u00e9sents avec nos coll\u00e8gues d&#039;IMCO Process &amp; Packaging au stand 620. Pour plus d&#039;informations, vous pouvez visiter le site internet.\" \/>\n<meta name=\"robots\" content=\"index, follow, max-snippet:-1, max-image-preview:large, max-video-preview:-1\" \/>\n<link rel=\"canonical\" href=\"https:\/\/radarprocess.com\/fr\/radar-process-participa-por-primera-vez-en-snackex-del-27-al-28-de-junio-en-barcelona\/\" \/>\n<meta property=\"og:locale\" content=\"fr_FR\" \/>\n<meta property=\"og:type\" content=\"article\" \/>\n<meta property=\"og:title\" content=\"Radar Process participa por primera vez en Snackex del 27 al 28 de Junio en Barcelona | Radar Process\" \/>\n<meta property=\"og:description\" content=\"Nous serons pr\u00e9sents avec nos coll\u00e8gues d&#039;IMCO Process &amp; Packaging au stand 620. Pour plus d&#039;informations, vous pouvez visiter le site internet.\" \/>\n<meta property=\"og:url\" content=\"https:\/\/radarprocess.com\/fr\/radar-process-participa-por-primera-vez-en-snackex-del-27-al-28-de-junio-en-barcelona\/\" \/>\n<meta property=\"og:site_name\" content=\"Radar Process\" \/>\n<meta property=\"article:published_time\" content=\"2022-05-20T13:40:43+00:00\" \/>\n<meta property=\"article:modified_time\" content=\"2023-06-22T14:41:26+00:00\" \/>\n<meta property=\"og:image\" content=\"https:\/\/radarprocess.com\/wp-content\/uploads\/2019\/06\/Homepage-Banner1.jpg\" \/>\n\t<meta property=\"og:image:width\" content=\"1920\" \/>\n\t<meta property=\"og:image:height\" content=\"900\" \/>\n\t<meta property=\"og:image:type\" content=\"image\/jpeg\" \/>\n<meta name=\"author\" content=\"neorg_US\" \/>\n<meta name=\"twitter:card\" content=\"summary_large_image\" \/>\n<meta name=\"twitter:label1\" content=\"\u00c9crit par\" \/>\n\t<meta name=\"twitter:data1\" content=\"neorg_US\" \/>\n\t<meta name=\"twitter:label2\" content=\"Dur\u00e9e de lecture estim\u00e9e\" \/>\n\t<meta name=\"twitter:data2\" content=\"1 minute\" \/>\n<script type=\"application\/ld+json\" class=\"yoast-schema-graph\">{\"@context\":\"https:\/\/schema.org\",\"@graph\":[{\"@type\":\"Article\",\"@id\":\"https:\/\/radarprocess.com\/fr\/radar-process-participa-por-primera-vez-en-snackex-del-27-al-28-de-junio-en-barcelona\/#article\",\"isPartOf\":{\"@id\":\"https:\/\/radarprocess.com\/fr\/radar-process-participa-por-primera-vez-en-snackex-del-27-al-28-de-junio-en-barcelona\/\"},\"author\":{\"name\":\"neorg_US\",\"@id\":\"https:\/\/radarprocess.com\/#\/schema\/person\/765ef37ac377a8fa32ec58773e099de3\"},\"headline\":\"Radar Process participa por primera vez en Snackex del 27 al 28 de Junio en Barcelona\",\"datePublished\":\"2022-05-20T13:40:43+00:00\",\"dateModified\":\"2023-06-22T14:41:26+00:00\",\"mainEntityOfPage\":{\"@id\":\"https:\/\/radarprocess.com\/fr\/radar-process-participa-por-primera-vez-en-snackex-del-27-al-28-de-junio-en-barcelona\/\"},\"wordCount\":60,\"commentCount\":0,\"publisher\":{\"@id\":\"https:\/\/radarprocess.com\/#organization\"},\"image\":{\"@id\":\"https:\/\/radarprocess.com\/fr\/radar-process-participa-por-primera-vez-en-snackex-del-27-al-28-de-junio-en-barcelona\/#primaryimage\"},\"thumbnailUrl\":\"https:\/\/radarprocess.com\/wp-content\/uploads\/2019\/06\/Homepage-Banner1.jpg\",\"articleSection\":[\"Non classifi\u00e9(e)\"],\"inLanguage\":\"fr-FR\",\"potentialAction\":[{\"@type\":\"CommentAction\",\"name\":\"Comment\",\"target\":[\"https:\/\/radarprocess.com\/fr\/radar-process-participa-por-primera-vez-en-snackex-del-27-al-28-de-junio-en-barcelona\/#respond\"]}]},{\"@type\":\"WebPage\",\"@id\":\"https:\/\/radarprocess.com\/fr\/radar-process-participa-por-primera-vez-en-snackex-del-27-al-28-de-junio-en-barcelona\/\",\"url\":\"https:\/\/radarprocess.com\/fr\/radar-process-participa-por-primera-vez-en-snackex-del-27-al-28-de-junio-en-barcelona\/\",\"name\":\"Radar Process participa por primera vez en Snackex del 27 al 28 de Junio en Barcelona | Radar Process\",\"isPartOf\":{\"@id\":\"https:\/\/radarprocess.com\/#website\"},\"primaryImageOfPage\":{\"@id\":\"https:\/\/radarprocess.com\/fr\/radar-process-participa-por-primera-vez-en-snackex-del-27-al-28-de-junio-en-barcelona\/#primaryimage\"},\"image\":{\"@id\":\"https:\/\/radarprocess.com\/fr\/radar-process-participa-por-primera-vez-en-snackex-del-27-al-28-de-junio-en-barcelona\/#primaryimage\"},\"thumbnailUrl\":\"https:\/\/radarprocess.com\/wp-content\/uploads\/2019\/06\/Homepage-Banner1.jpg\",\"datePublished\":\"2022-05-20T13:40:43+00:00\",\"dateModified\":\"2023-06-22T14:41:26+00:00\",\"description\":\"Nous serons pr\u00e9sents avec nos coll\u00e8gues d'IMCO Process & Packaging au stand 620. Pour plus d'informations, vous pouvez visiter le site internet.\",\"breadcrumb\":{\"@id\":\"https:\/\/radarprocess.com\/fr\/radar-process-participa-por-primera-vez-en-snackex-del-27-al-28-de-junio-en-barcelona\/#breadcrumb\"},\"inLanguage\":\"fr-FR\",\"potentialAction\":[{\"@type\":\"ReadAction\",\"target\":[\"https:\/\/radarprocess.com\/fr\/radar-process-participa-por-primera-vez-en-snackex-del-27-al-28-de-junio-en-barcelona\/\"]}]},{\"@type\":\"ImageObject\",\"inLanguage\":\"fr-FR\",\"@id\":\"https:\/\/radarprocess.com\/fr\/radar-process-participa-por-primera-vez-en-snackex-del-27-al-28-de-junio-en-barcelona\/#primaryimage\",\"url\":\"https:\/\/radarprocess.com\/wp-content\/uploads\/2019\/06\/Homepage-Banner1.jpg\",\"contentUrl\":\"https:\/\/radarprocess.com\/wp-content\/uploads\/2019\/06\/Homepage-Banner1.jpg\",\"width\":1920,\"height\":900,\"caption\":\"feria snackex barcelona\"},{\"@type\":\"BreadcrumbList\",\"@id\":\"https:\/\/radarprocess.com\/fr\/radar-process-participa-por-primera-vez-en-snackex-del-27-al-28-de-junio-en-barcelona\/#breadcrumb\",\"itemListElement\":[{\"@type\":\"ListItem\",\"position\":1,\"name\":\"Portada\",\"item\":\"https:\/\/radarprocess.com\/fr\/\"},{\"@type\":\"ListItem\",\"position\":2,\"name\":\"Radar Process participa por primera vez en Snackex del 27 al 28 de Junio en Barcelona\"}]},{\"@type\":\"WebSite\",\"@id\":\"https:\/\/radarprocess.com\/#website\",\"url\":\"https:\/\/radarprocess.com\/\",\"name\":\"Radar Process\",\"description\":\"Transporte neum\u00e1tico, dosificaci\u00f3n s\u00f3lidos y silos almacenado\",\"publisher\":{\"@id\":\"https:\/\/radarprocess.com\/#organization\"},\"alternateName\":\"Radar Process\",\"potentialAction\":[{\"@type\":\"SearchAction\",\"target\":{\"@type\":\"EntryPoint\",\"urlTemplate\":\"https:\/\/radarprocess.com\/?s={search_term_string}\"},\"query-input\":{\"@type\":\"PropertyValueSpecification\",\"valueRequired\":true,\"valueName\":\"search_term_string\"}}],\"inLanguage\":\"fr-FR\"},{\"@type\":\"Organization\",\"@id\":\"https:\/\/radarprocess.com\/#organization\",\"name\":\"Radar Process\",\"alternateName\":\"Radar Process\",\"url\":\"https:\/\/radarprocess.com\/\",\"logo\":{\"@type\":\"ImageObject\",\"inLanguage\":\"fr-FR\",\"@id\":\"https:\/\/radarprocess.com\/#\/schema\/logo\/image\/\",\"url\":\"https:\/\/radarprocess.com\/wp-content\/uploads\/2021\/11\/logo-1.jpg\",\"contentUrl\":\"https:\/\/radarprocess.com\/wp-content\/uploads\/2021\/11\/logo-1.jpg\",\"width\":330,\"height\":96,\"caption\":\"Radar Process\"},\"image\":{\"@id\":\"https:\/\/radarprocess.com\/#\/schema\/logo\/image\/\"},\"sameAs\":[\"https:\/\/www.linkedin.com\/company\/radar-process-sl\/\"]},{\"@type\":\"Person\",\"@id\":\"https:\/\/radarprocess.com\/#\/schema\/person\/765ef37ac377a8fa32ec58773e099de3\",\"name\":\"neorg_US\",\"image\":{\"@type\":\"ImageObject\",\"inLanguage\":\"fr-FR\",\"@id\":\"https:\/\/radarprocess.com\/#\/schema\/person\/image\/\",\"url\":\"https:\/\/secure.gravatar.com\/avatar\/b63926e9b9d0dcf698d6148e42ad55d32fd25573ca6e03571bddf984706f7428?s=96&d=mm&r=g\",\"contentUrl\":\"https:\/\/secure.gravatar.com\/avatar\/b63926e9b9d0dcf698d6148e42ad55d32fd25573ca6e03571bddf984706f7428?s=96&d=mm&r=g\",\"caption\":\"neorg_US\"},\"sameAs\":[\"https:\/\/radarprocess.com\/\"]}]}<\/script>\n<!-- \/ Yoast SEO plugin. -->","yoast_head_json":{"title":"Radar Process participa por primera vez en Snackex del 27 al 28 de Junio en Barcelona | Radar Process","description":"Nous serons pr\u00e9sents avec nos coll\u00e8gues d'IMCO Process & Packaging au stand 620. Pour plus d'informations, vous pouvez visiter le site internet.","robots":{"index":"index","follow":"follow","max-snippet":"max-snippet:-1","max-image-preview":"max-image-preview:large","max-video-preview":"max-video-preview:-1"},"canonical":"https:\/\/radarprocess.com\/fr\/radar-process-participa-por-primera-vez-en-snackex-del-27-al-28-de-junio-en-barcelona\/","og_locale":"fr_FR","og_type":"article","og_title":"Radar Process participa por primera vez en Snackex del 27 al 28 de Junio en Barcelona | Radar Process","og_description":"Nous serons pr\u00e9sents avec nos coll\u00e8gues d'IMCO Process & Packaging au stand 620. Pour plus d'informations, vous pouvez visiter le site internet.","og_url":"https:\/\/radarprocess.com\/fr\/radar-process-participa-por-primera-vez-en-snackex-del-27-al-28-de-junio-en-barcelona\/","og_site_name":"Radar Process","article_published_time":"2022-05-20T13:40:43+00:00","article_modified_time":"2023-06-22T14:41:26+00:00","og_image":[{"width":1920,"height":900,"url":"https:\/\/radarprocess.com\/wp-content\/uploads\/2019\/06\/Homepage-Banner1.jpg","type":"image\/jpeg"}],"author":"neorg_US","twitter_card":"summary_large_image","twitter_misc":{"\u00c9crit par":"neorg_US","Dur\u00e9e de lecture estim\u00e9e":"1 minute"},"schema":{"@context":"https:\/\/schema.org","@graph":[{"@type":"Article","@id":"https:\/\/radarprocess.com\/fr\/radar-process-participa-por-primera-vez-en-snackex-del-27-al-28-de-junio-en-barcelona\/#article","isPartOf":{"@id":"https:\/\/radarprocess.com\/fr\/radar-process-participa-por-primera-vez-en-snackex-del-27-al-28-de-junio-en-barcelona\/"},"author":{"name":"neorg_US","@id":"https:\/\/radarprocess.com\/#\/schema\/person\/765ef37ac377a8fa32ec58773e099de3"},"headline":"Radar Process participa por primera vez en Snackex del 27 al 28 de Junio en Barcelona","datePublished":"2022-05-20T13:40:43+00:00","dateModified":"2023-06-22T14:41:26+00:00","mainEntityOfPage":{"@id":"https:\/\/radarprocess.com\/fr\/radar-process-participa-por-primera-vez-en-snackex-del-27-al-28-de-junio-en-barcelona\/"},"wordCount":60,"commentCount":0,"publisher":{"@id":"https:\/\/radarprocess.com\/#organization"},"image":{"@id":"https:\/\/radarprocess.com\/fr\/radar-process-participa-por-primera-vez-en-snackex-del-27-al-28-de-junio-en-barcelona\/#primaryimage"},"thumbnailUrl":"https:\/\/radarprocess.com\/wp-content\/uploads\/2019\/06\/Homepage-Banner1.jpg","articleSection":["Non classifi\u00e9(e)"],"inLanguage":"fr-FR","potentialAction":[{"@type":"CommentAction","name":"Comment","target":["https:\/\/radarprocess.com\/fr\/radar-process-participa-por-primera-vez-en-snackex-del-27-al-28-de-junio-en-barcelona\/#respond"]}]},{"@type":"WebPage","@id":"https:\/\/radarprocess.com\/fr\/radar-process-participa-por-primera-vez-en-snackex-del-27-al-28-de-junio-en-barcelona\/","url":"https:\/\/radarprocess.com\/fr\/radar-process-participa-por-primera-vez-en-snackex-del-27-al-28-de-junio-en-barcelona\/","name":"Radar Process participa por primera vez en Snackex del 27 al 28 de Junio en Barcelona | Radar Process","isPartOf":{"@id":"https:\/\/radarprocess.com\/#website"},"primaryImageOfPage":{"@id":"https:\/\/radarprocess.com\/fr\/radar-process-participa-por-primera-vez-en-snackex-del-27-al-28-de-junio-en-barcelona\/#primaryimage"},"image":{"@id":"https:\/\/radarprocess.com\/fr\/radar-process-participa-por-primera-vez-en-snackex-del-27-al-28-de-junio-en-barcelona\/#primaryimage"},"thumbnailUrl":"https:\/\/radarprocess.com\/wp-content\/uploads\/2019\/06\/Homepage-Banner1.jpg","datePublished":"2022-05-20T13:40:43+00:00","dateModified":"2023-06-22T14:41:26+00:00","description":"Nous serons pr\u00e9sents avec nos coll\u00e8gues d'IMCO Process & Packaging au stand 620. Pour plus d'informations, vous pouvez visiter le site internet.","breadcrumb":{"@id":"https:\/\/radarprocess.com\/fr\/radar-process-participa-por-primera-vez-en-snackex-del-27-al-28-de-junio-en-barcelona\/#breadcrumb"},"inLanguage":"fr-FR","potentialAction":[{"@type":"ReadAction","target":["https:\/\/radarprocess.com\/fr\/radar-process-participa-por-primera-vez-en-snackex-del-27-al-28-de-junio-en-barcelona\/"]}]},{"@type":"ImageObject","inLanguage":"fr-FR","@id":"https:\/\/radarprocess.com\/fr\/radar-process-participa-por-primera-vez-en-snackex-del-27-al-28-de-junio-en-barcelona\/#primaryimage","url":"https:\/\/radarprocess.com\/wp-content\/uploads\/2019\/06\/Homepage-Banner1.jpg","contentUrl":"https:\/\/radarprocess.com\/wp-content\/uploads\/2019\/06\/Homepage-Banner1.jpg","width":1920,"height":900,"caption":"feria snackex barcelona"},{"@type":"BreadcrumbList","@id":"https:\/\/radarprocess.com\/fr\/radar-process-participa-por-primera-vez-en-snackex-del-27-al-28-de-junio-en-barcelona\/#breadcrumb","itemListElement":[{"@type":"ListItem","position":1,"name":"Portada","item":"https:\/\/radarprocess.com\/fr\/"},{"@type":"ListItem","position":2,"name":"Radar Process participa por primera vez en Snackex del 27 al 28 de Junio en Barcelona"}]},{"@type":"WebSite","@id":"https:\/\/radarprocess.com\/#website","url":"https:\/\/radarprocess.com\/","name":"Radar Process","description":"Transporte neum\u00e1tico, dosificaci\u00f3n s\u00f3lidos y silos almacenado","publisher":{"@id":"https:\/\/radarprocess.com\/#organization"},"alternateName":"Radar Process","potentialAction":[{"@type":"SearchAction","target":{"@type":"EntryPoint","urlTemplate":"https:\/\/radarprocess.com\/?s={search_term_string}"},"query-input":{"@type":"PropertyValueSpecification","valueRequired":true,"valueName":"search_term_string"}}],"inLanguage":"fr-FR"},{"@type":"Organization","@id":"https:\/\/radarprocess.com\/#organization","name":"Radar Process","alternateName":"Radar Process","url":"https:\/\/radarprocess.com\/","logo":{"@type":"ImageObject","inLanguage":"fr-FR","@id":"https:\/\/radarprocess.com\/#\/schema\/logo\/image\/","url":"https:\/\/radarprocess.com\/wp-content\/uploads\/2021\/11\/logo-1.jpg","contentUrl":"https:\/\/radarprocess.com\/wp-content\/uploads\/2021\/11\/logo-1.jpg","width":330,"height":96,"caption":"Radar Process"},"image":{"@id":"https:\/\/radarprocess.com\/#\/schema\/logo\/image\/"},"sameAs":["https:\/\/www.linkedin.com\/company\/radar-process-sl\/"]},{"@type":"Person","@id":"https:\/\/radarprocess.com\/#\/schema\/person\/765ef37ac377a8fa32ec58773e099de3","name":"neorg_US","image":{"@type":"ImageObject","inLanguage":"fr-FR","@id":"https:\/\/radarprocess.com\/#\/schema\/person\/image\/","url":"https:\/\/secure.gravatar.com\/avatar\/b63926e9b9d0dcf698d6148e42ad55d32fd25573ca6e03571bddf984706f7428?s=96&d=mm&r=g","contentUrl":"https:\/\/secure.gravatar.com\/avatar\/b63926e9b9d0dcf698d6148e42ad55d32fd25573ca6e03571bddf984706f7428?s=96&d=mm&r=g","caption":"neorg_US"},"sameAs":["https:\/\/radarprocess.com\/"]}]}},"_links":{"self":[{"href":"https:\/\/radarprocess.com\/fr\/wp-json\/wp\/v2\/posts\/3283","targetHints":{"allow":["GET"]}}],"collection":[{"href":"https:\/\/radarprocess.com\/fr\/wp-json\/wp\/v2\/posts"}],"about":[{"href":"https:\/\/radarprocess.com\/fr\/wp-json\/wp\/v2\/types\/post"}],"author":[{"embeddable":true,"href":"https:\/\/radarprocess.com\/fr\/wp-json\/wp\/v2\/users\/1"}],"replies":[{"embeddable":true,"href":"https:\/\/radarprocess.com\/fr\/wp-json\/wp\/v2\/comments?post=3283"}],"version-history":[{"count":1,"href":"https:\/\/radarprocess.com\/fr\/wp-json\/wp\/v2\/posts\/3283\/revisions"}],"predecessor-version":[{"id":4519,"href":"https:\/\/radarprocess.com\/fr\/wp-json\/wp\/v2\/posts\/3283\/revisions\/4519"}],"wp:featuredmedia":[{"embeddable":true,"href":"https:\/\/radarprocess.com\/fr\/wp-json\/wp\/v2\/media\/2874"}],"wp:attachment":[{"href":"https:\/\/radarprocess.com\/fr\/wp-json\/wp\/v2\/media?parent=3283"}],"wp:term":[{"taxonomy":"category","embeddable":true,"href":"https:\/\/radarprocess.com\/fr\/wp-json\/wp\/v2\/categories?post=3283"},{"taxonomy":"post_tag","embeddable":true,"href":"https:\/\/radarprocess.com\/fr\/wp-json\/wp\/v2\/tags?post=3283"}],"curies":[{"name":"wp","href":"https:\/\/api.w.org\/{rel}","templated":true}]}}