{"id":4876,"date":"2025-03-13T12:28:23","date_gmt":"2025-03-13T11:28:23","guid":{"rendered":"https:\/\/radarprocess.com\/radar-process-vuelve-a-iba-trade-fair-2025\/"},"modified":"2025-03-13T13:43:29","modified_gmt":"2025-03-13T12:43:29","slug":"radar-process-revient-a-iba-trade-fair-2025","status":"publish","type":"post","link":"https:\/\/radarprocess.com\/fr\/radar-process-revient-a-iba-trade-fair-2025\/","title":{"rendered":"Radar Process revient \u00e0 IBA Trade Fair 2025"},"content":{"rendered":"<p class=\"p1\">Nous sommes ravis d&rsquo;annoncer que Radar Process sera \u00e0 nouveau pr\u00e9sent au<b> IBA Trade Fair 2025, <\/b>le salon international de r\u00e9f\u00e9rence pour l&rsquo;industrie de la boulangerie et de la p\u00e2tisserie.<\/p>\n<p class=\"p1\"><b>Retrouvez-nous dans le Hall 13 \u2013 Stand A10<\/b><\/p>\n<p class=\"p1\"><b>Dates et horaires<br \/>\n<\/b>IBA se tiendra du<b> 18 au 22 mai 2025 au Messe D\u00fcsseldorf, Allemagne.<br \/>\n<\/b>Les horaires d&rsquo;ouverture seront<b> de 09h30 \u00e0 18h00 du dimanche au mercredi, <\/b>et le<b> jeudi 22 mai, le salon fermera ses portes \u00e0 17h00.<\/b><\/p>\n<p class=\"p1\"><b>Planifiez une rencontre avec notre \u00e9quipe<\/b><\/p>\n<p class=\"p1\">Chez<b> Radar Process, <\/b>nous sommes toujours \u00e0 votre disposition pour vous aider \u00e0 optimiser vos processus de production. Nous vous invitons \u00e0 planifier une rencontre avec nos experts et \u00e0 d\u00e9couvrir nos solutions innovantes pour l&rsquo;industrie agroalimentaire.<\/p>\n<p class=\"p1\">Pour plus d&rsquo;informations sur l&rsquo;exposition ou pour organiser un rendez-vous,<b><a href=\"mailto:info@radarprocess.com\" target=\"_blank\" rel=\"noopener\"> n&rsquo;h\u00e9sitez pas \u00e0 nous contacter<\/a>.<\/b><\/p>\n<p class=\"p1\"><b>Obtenez votre billet<\/b><\/p>\n<p class=\"p1\">Si vous n&rsquo;avez pas encore votre billet,<b> cliquez sur le lien ci-dessous pour obtenir le v\u00f4tre :<\/b><\/p>\n<p class=\"p2\"><a href=\"mailto:info@radarprocess.com\" target=\"_blank\" rel=\"noopener\"><span class=\"s2\"><b>OBTENIR UN BILLET<\/b><\/span><\/a><\/p>\n<div id=\"gtx-trans\" style=\"position: absolute; left: -14px; top: 1px;\">\n<div class=\"gtx-trans-icon\"><\/div>\n<\/div>\n","protected":false},"excerpt":{"rendered":"<p>Nous sommes ravis d&rsquo;annoncer que Radar Process sera \u00e0 nouveau pr\u00e9sent au IBA Trade Fair 2025, le salon international de r\u00e9f\u00e9rence pour l&rsquo;industrie de la boulangerie et de la p\u00e2tisserie. Retrouvez-nous dans le Hall 13 \u2013 Stand A10 Dates et horaires IBA se tiendra du 18 au 22 mai 2025 au Messe D\u00fcsseldorf, Allemagne. Les&hellip;&nbsp;<a href=\"https:\/\/radarprocess.com\/fr\/radar-process-revient-a-iba-trade-fair-2025\/\" rel=\"bookmark\"><span class=\"screen-reader-text\">Radar Process revient \u00e0 IBA Trade Fair 2025<\/span><\/a><\/p>\n","protected":false},"author":1,"featured_media":4873,"comment_status":"open","ping_status":"open","sticky":false,"template":"","format":"standard","meta":{"_acf_changed":false,"neve_meta_sidebar":"","neve_meta_container":"","neve_meta_enable_content_width":"off","neve_meta_content_width":70,"neve_meta_title_alignment":"","neve_meta_author_avatar":"","neve_post_elements_order":"","neve_meta_disable_header":"","neve_meta_disable_footer":"","neve_meta_disable_title":"","footnotes":""},"categories":[11],"tags":[],"class_list":["post-4876","post","type-post","status-publish","format-standard","has-post-thumbnail","hentry","category-non-classifiee"],"acf":[],"yoast_head":"<!-- This site is optimized with the Yoast SEO plugin v26.9 - https:\/\/yoast.com\/product\/yoast-seo-wordpress\/ -->\n<title>Radar Process revient \u00e0 IBA Trade Fair 2025 | Radar Process<\/title>\n<meta name=\"description\" content=\"Radar Process sera pr\u00e9sent au IBA Trade Fair 2025, salon international de r\u00e9f\u00e9rence pour l&#039;industrie de la boulangerie et de la p\u00e2tisserie.\" \/>\n<meta name=\"robots\" content=\"index, follow, max-snippet:-1, max-image-preview:large, max-video-preview:-1\" \/>\n<link rel=\"canonical\" href=\"https:\/\/radarprocess.com\/fr\/radar-process-revient-a-iba-trade-fair-2025\/\" \/>\n<meta property=\"og:locale\" content=\"fr_FR\" \/>\n<meta property=\"og:type\" content=\"article\" \/>\n<meta property=\"og:title\" content=\"Radar Process revient \u00e0 IBA Trade Fair 2025 | Radar Process\" \/>\n<meta property=\"og:description\" content=\"Radar Process sera pr\u00e9sent au IBA Trade Fair 2025, salon international de r\u00e9f\u00e9rence pour l&#039;industrie de la boulangerie et de la p\u00e2tisserie.\" \/>\n<meta property=\"og:url\" content=\"https:\/\/radarprocess.com\/fr\/radar-process-revient-a-iba-trade-fair-2025\/\" \/>\n<meta property=\"og:site_name\" content=\"Radar Process\" \/>\n<meta property=\"article:published_time\" content=\"2025-03-13T11:28:23+00:00\" \/>\n<meta property=\"article:modified_time\" content=\"2025-03-13T12:43:29+00:00\" \/>\n<meta property=\"og:image\" content=\"https:\/\/radarprocess.com\/wp-content\/uploads\/2025\/03\/IBA-Radar.jpg\" \/>\n\t<meta property=\"og:image:width\" content=\"1120\" \/>\n\t<meta property=\"og:image:height\" content=\"590\" \/>\n\t<meta property=\"og:image:type\" content=\"image\/jpeg\" \/>\n<meta name=\"author\" content=\"neorg_US\" \/>\n<meta name=\"twitter:card\" content=\"summary_large_image\" \/>\n<meta name=\"twitter:label1\" content=\"\u00c9crit par\" \/>\n\t<meta name=\"twitter:data1\" content=\"neorg_US\" \/>\n\t<meta name=\"twitter:label2\" content=\"Dur\u00e9e de lecture estim\u00e9e\" \/>\n\t<meta name=\"twitter:data2\" content=\"1 minute\" \/>\n<script type=\"application\/ld+json\" class=\"yoast-schema-graph\">{\"@context\":\"https:\/\/schema.org\",\"@graph\":[{\"@type\":\"Article\",\"@id\":\"https:\/\/radarprocess.com\/fr\/radar-process-revient-a-iba-trade-fair-2025\/#article\",\"isPartOf\":{\"@id\":\"https:\/\/radarprocess.com\/fr\/radar-process-revient-a-iba-trade-fair-2025\/\"},\"author\":{\"name\":\"neorg_US\",\"@id\":\"https:\/\/radarprocess.com\/#\/schema\/person\/765ef37ac377a8fa32ec58773e099de3\"},\"headline\":\"Radar Process revient \u00e0 IBA Trade Fair 2025\",\"datePublished\":\"2025-03-13T11:28:23+00:00\",\"dateModified\":\"2025-03-13T12:43:29+00:00\",\"mainEntityOfPage\":{\"@id\":\"https:\/\/radarprocess.com\/fr\/radar-process-revient-a-iba-trade-fair-2025\/\"},\"wordCount\":165,\"commentCount\":0,\"publisher\":{\"@id\":\"https:\/\/radarprocess.com\/#organization\"},\"image\":{\"@id\":\"https:\/\/radarprocess.com\/fr\/radar-process-revient-a-iba-trade-fair-2025\/#primaryimage\"},\"thumbnailUrl\":\"https:\/\/radarprocess.com\/wp-content\/uploads\/2025\/03\/IBA-Radar.jpg\",\"articleSection\":[\"Non classifi\u00e9(e)\"],\"inLanguage\":\"fr-FR\",\"potentialAction\":[{\"@type\":\"CommentAction\",\"name\":\"Comment\",\"target\":[\"https:\/\/radarprocess.com\/fr\/radar-process-revient-a-iba-trade-fair-2025\/#respond\"]}]},{\"@type\":\"WebPage\",\"@id\":\"https:\/\/radarprocess.com\/fr\/radar-process-revient-a-iba-trade-fair-2025\/\",\"url\":\"https:\/\/radarprocess.com\/fr\/radar-process-revient-a-iba-trade-fair-2025\/\",\"name\":\"Radar Process revient \u00e0 IBA Trade Fair 2025 | Radar Process\",\"isPartOf\":{\"@id\":\"https:\/\/radarprocess.com\/#website\"},\"primaryImageOfPage\":{\"@id\":\"https:\/\/radarprocess.com\/fr\/radar-process-revient-a-iba-trade-fair-2025\/#primaryimage\"},\"image\":{\"@id\":\"https:\/\/radarprocess.com\/fr\/radar-process-revient-a-iba-trade-fair-2025\/#primaryimage\"},\"thumbnailUrl\":\"https:\/\/radarprocess.com\/wp-content\/uploads\/2025\/03\/IBA-Radar.jpg\",\"datePublished\":\"2025-03-13T11:28:23+00:00\",\"dateModified\":\"2025-03-13T12:43:29+00:00\",\"description\":\"Radar Process sera pr\u00e9sent au IBA Trade Fair 2025, salon international de r\u00e9f\u00e9rence pour l'industrie de la boulangerie et de la p\u00e2tisserie.\",\"breadcrumb\":{\"@id\":\"https:\/\/radarprocess.com\/fr\/radar-process-revient-a-iba-trade-fair-2025\/#breadcrumb\"},\"inLanguage\":\"fr-FR\",\"potentialAction\":[{\"@type\":\"ReadAction\",\"target\":[\"https:\/\/radarprocess.com\/fr\/radar-process-revient-a-iba-trade-fair-2025\/\"]}]},{\"@type\":\"ImageObject\",\"inLanguage\":\"fr-FR\",\"@id\":\"https:\/\/radarprocess.com\/fr\/radar-process-revient-a-iba-trade-fair-2025\/#primaryimage\",\"url\":\"https:\/\/radarprocess.com\/wp-content\/uploads\/2025\/03\/IBA-Radar.jpg\",\"contentUrl\":\"https:\/\/radarprocess.com\/wp-content\/uploads\/2025\/03\/IBA-Radar.jpg\",\"width\":1120,\"height\":590,\"caption\":\"IBA Trade Fair 2025\"},{\"@type\":\"BreadcrumbList\",\"@id\":\"https:\/\/radarprocess.com\/fr\/radar-process-revient-a-iba-trade-fair-2025\/#breadcrumb\",\"itemListElement\":[{\"@type\":\"ListItem\",\"position\":1,\"name\":\"Portada\",\"item\":\"https:\/\/radarprocess.com\/fr\/\"},{\"@type\":\"ListItem\",\"position\":2,\"name\":\"Radar Process revient \u00e0 IBA Trade Fair 2025\"}]},{\"@type\":\"WebSite\",\"@id\":\"https:\/\/radarprocess.com\/#website\",\"url\":\"https:\/\/radarprocess.com\/\",\"name\":\"Radar Process\",\"description\":\"Transporte neum\u00e1tico, dosificaci\u00f3n s\u00f3lidos y silos almacenado\",\"publisher\":{\"@id\":\"https:\/\/radarprocess.com\/#organization\"},\"alternateName\":\"Radar Process\",\"potentialAction\":[{\"@type\":\"SearchAction\",\"target\":{\"@type\":\"EntryPoint\",\"urlTemplate\":\"https:\/\/radarprocess.com\/?s={search_term_string}\"},\"query-input\":{\"@type\":\"PropertyValueSpecification\",\"valueRequired\":true,\"valueName\":\"search_term_string\"}}],\"inLanguage\":\"fr-FR\"},{\"@type\":\"Organization\",\"@id\":\"https:\/\/radarprocess.com\/#organization\",\"name\":\"Radar Process\",\"alternateName\":\"Radar Process\",\"url\":\"https:\/\/radarprocess.com\/\",\"logo\":{\"@type\":\"ImageObject\",\"inLanguage\":\"fr-FR\",\"@id\":\"https:\/\/radarprocess.com\/#\/schema\/logo\/image\/\",\"url\":\"https:\/\/radarprocess.com\/wp-content\/uploads\/2021\/11\/logo-1.jpg\",\"contentUrl\":\"https:\/\/radarprocess.com\/wp-content\/uploads\/2021\/11\/logo-1.jpg\",\"width\":330,\"height\":96,\"caption\":\"Radar Process\"},\"image\":{\"@id\":\"https:\/\/radarprocess.com\/#\/schema\/logo\/image\/\"},\"sameAs\":[\"https:\/\/www.linkedin.com\/company\/radar-process-sl\/\"]},{\"@type\":\"Person\",\"@id\":\"https:\/\/radarprocess.com\/#\/schema\/person\/765ef37ac377a8fa32ec58773e099de3\",\"name\":\"neorg_US\",\"image\":{\"@type\":\"ImageObject\",\"inLanguage\":\"fr-FR\",\"@id\":\"https:\/\/radarprocess.com\/#\/schema\/person\/image\/\",\"url\":\"https:\/\/secure.gravatar.com\/avatar\/b63926e9b9d0dcf698d6148e42ad55d32fd25573ca6e03571bddf984706f7428?s=96&d=mm&r=g\",\"contentUrl\":\"https:\/\/secure.gravatar.com\/avatar\/b63926e9b9d0dcf698d6148e42ad55d32fd25573ca6e03571bddf984706f7428?s=96&d=mm&r=g\",\"caption\":\"neorg_US\"},\"sameAs\":[\"https:\/\/radarprocess.com\/\"]}]}<\/script>\n<!-- \/ Yoast SEO plugin. -->","yoast_head_json":{"title":"Radar Process revient \u00e0 IBA Trade Fair 2025 | Radar Process","description":"Radar Process sera pr\u00e9sent au IBA Trade Fair 2025, salon international de r\u00e9f\u00e9rence pour l'industrie de la boulangerie et de la p\u00e2tisserie.","robots":{"index":"index","follow":"follow","max-snippet":"max-snippet:-1","max-image-preview":"max-image-preview:large","max-video-preview":"max-video-preview:-1"},"canonical":"https:\/\/radarprocess.com\/fr\/radar-process-revient-a-iba-trade-fair-2025\/","og_locale":"fr_FR","og_type":"article","og_title":"Radar Process revient \u00e0 IBA Trade Fair 2025 | Radar Process","og_description":"Radar Process sera pr\u00e9sent au IBA Trade Fair 2025, salon international de r\u00e9f\u00e9rence pour l'industrie de la boulangerie et de la p\u00e2tisserie.","og_url":"https:\/\/radarprocess.com\/fr\/radar-process-revient-a-iba-trade-fair-2025\/","og_site_name":"Radar Process","article_published_time":"2025-03-13T11:28:23+00:00","article_modified_time":"2025-03-13T12:43:29+00:00","og_image":[{"width":1120,"height":590,"url":"https:\/\/radarprocess.com\/wp-content\/uploads\/2025\/03\/IBA-Radar.jpg","type":"image\/jpeg"}],"author":"neorg_US","twitter_card":"summary_large_image","twitter_misc":{"\u00c9crit par":"neorg_US","Dur\u00e9e de lecture estim\u00e9e":"1 minute"},"schema":{"@context":"https:\/\/schema.org","@graph":[{"@type":"Article","@id":"https:\/\/radarprocess.com\/fr\/radar-process-revient-a-iba-trade-fair-2025\/#article","isPartOf":{"@id":"https:\/\/radarprocess.com\/fr\/radar-process-revient-a-iba-trade-fair-2025\/"},"author":{"name":"neorg_US","@id":"https:\/\/radarprocess.com\/#\/schema\/person\/765ef37ac377a8fa32ec58773e099de3"},"headline":"Radar Process revient \u00e0 IBA Trade Fair 2025","datePublished":"2025-03-13T11:28:23+00:00","dateModified":"2025-03-13T12:43:29+00:00","mainEntityOfPage":{"@id":"https:\/\/radarprocess.com\/fr\/radar-process-revient-a-iba-trade-fair-2025\/"},"wordCount":165,"commentCount":0,"publisher":{"@id":"https:\/\/radarprocess.com\/#organization"},"image":{"@id":"https:\/\/radarprocess.com\/fr\/radar-process-revient-a-iba-trade-fair-2025\/#primaryimage"},"thumbnailUrl":"https:\/\/radarprocess.com\/wp-content\/uploads\/2025\/03\/IBA-Radar.jpg","articleSection":["Non classifi\u00e9(e)"],"inLanguage":"fr-FR","potentialAction":[{"@type":"CommentAction","name":"Comment","target":["https:\/\/radarprocess.com\/fr\/radar-process-revient-a-iba-trade-fair-2025\/#respond"]}]},{"@type":"WebPage","@id":"https:\/\/radarprocess.com\/fr\/radar-process-revient-a-iba-trade-fair-2025\/","url":"https:\/\/radarprocess.com\/fr\/radar-process-revient-a-iba-trade-fair-2025\/","name":"Radar Process revient \u00e0 IBA Trade Fair 2025 | Radar Process","isPartOf":{"@id":"https:\/\/radarprocess.com\/#website"},"primaryImageOfPage":{"@id":"https:\/\/radarprocess.com\/fr\/radar-process-revient-a-iba-trade-fair-2025\/#primaryimage"},"image":{"@id":"https:\/\/radarprocess.com\/fr\/radar-process-revient-a-iba-trade-fair-2025\/#primaryimage"},"thumbnailUrl":"https:\/\/radarprocess.com\/wp-content\/uploads\/2025\/03\/IBA-Radar.jpg","datePublished":"2025-03-13T11:28:23+00:00","dateModified":"2025-03-13T12:43:29+00:00","description":"Radar Process sera pr\u00e9sent au IBA Trade Fair 2025, salon international de r\u00e9f\u00e9rence pour l'industrie de la boulangerie et de la p\u00e2tisserie.","breadcrumb":{"@id":"https:\/\/radarprocess.com\/fr\/radar-process-revient-a-iba-trade-fair-2025\/#breadcrumb"},"inLanguage":"fr-FR","potentialAction":[{"@type":"ReadAction","target":["https:\/\/radarprocess.com\/fr\/radar-process-revient-a-iba-trade-fair-2025\/"]}]},{"@type":"ImageObject","inLanguage":"fr-FR","@id":"https:\/\/radarprocess.com\/fr\/radar-process-revient-a-iba-trade-fair-2025\/#primaryimage","url":"https:\/\/radarprocess.com\/wp-content\/uploads\/2025\/03\/IBA-Radar.jpg","contentUrl":"https:\/\/radarprocess.com\/wp-content\/uploads\/2025\/03\/IBA-Radar.jpg","width":1120,"height":590,"caption":"IBA Trade Fair 2025"},{"@type":"BreadcrumbList","@id":"https:\/\/radarprocess.com\/fr\/radar-process-revient-a-iba-trade-fair-2025\/#breadcrumb","itemListElement":[{"@type":"ListItem","position":1,"name":"Portada","item":"https:\/\/radarprocess.com\/fr\/"},{"@type":"ListItem","position":2,"name":"Radar Process revient \u00e0 IBA Trade Fair 2025"}]},{"@type":"WebSite","@id":"https:\/\/radarprocess.com\/#website","url":"https:\/\/radarprocess.com\/","name":"Radar Process","description":"Transporte neum\u00e1tico, dosificaci\u00f3n s\u00f3lidos y silos almacenado","publisher":{"@id":"https:\/\/radarprocess.com\/#organization"},"alternateName":"Radar Process","potentialAction":[{"@type":"SearchAction","target":{"@type":"EntryPoint","urlTemplate":"https:\/\/radarprocess.com\/?s={search_term_string}"},"query-input":{"@type":"PropertyValueSpecification","valueRequired":true,"valueName":"search_term_string"}}],"inLanguage":"fr-FR"},{"@type":"Organization","@id":"https:\/\/radarprocess.com\/#organization","name":"Radar Process","alternateName":"Radar Process","url":"https:\/\/radarprocess.com\/","logo":{"@type":"ImageObject","inLanguage":"fr-FR","@id":"https:\/\/radarprocess.com\/#\/schema\/logo\/image\/","url":"https:\/\/radarprocess.com\/wp-content\/uploads\/2021\/11\/logo-1.jpg","contentUrl":"https:\/\/radarprocess.com\/wp-content\/uploads\/2021\/11\/logo-1.jpg","width":330,"height":96,"caption":"Radar Process"},"image":{"@id":"https:\/\/radarprocess.com\/#\/schema\/logo\/image\/"},"sameAs":["https:\/\/www.linkedin.com\/company\/radar-process-sl\/"]},{"@type":"Person","@id":"https:\/\/radarprocess.com\/#\/schema\/person\/765ef37ac377a8fa32ec58773e099de3","name":"neorg_US","image":{"@type":"ImageObject","inLanguage":"fr-FR","@id":"https:\/\/radarprocess.com\/#\/schema\/person\/image\/","url":"https:\/\/secure.gravatar.com\/avatar\/b63926e9b9d0dcf698d6148e42ad55d32fd25573ca6e03571bddf984706f7428?s=96&d=mm&r=g","contentUrl":"https:\/\/secure.gravatar.com\/avatar\/b63926e9b9d0dcf698d6148e42ad55d32fd25573ca6e03571bddf984706f7428?s=96&d=mm&r=g","caption":"neorg_US"},"sameAs":["https:\/\/radarprocess.com\/"]}]}},"_links":{"self":[{"href":"https:\/\/radarprocess.com\/fr\/wp-json\/wp\/v2\/posts\/4876","targetHints":{"allow":["GET"]}}],"collection":[{"href":"https:\/\/radarprocess.com\/fr\/wp-json\/wp\/v2\/posts"}],"about":[{"href":"https:\/\/radarprocess.com\/fr\/wp-json\/wp\/v2\/types\/post"}],"author":[{"embeddable":true,"href":"https:\/\/radarprocess.com\/fr\/wp-json\/wp\/v2\/users\/1"}],"replies":[{"embeddable":true,"href":"https:\/\/radarprocess.com\/fr\/wp-json\/wp\/v2\/comments?post=4876"}],"version-history":[{"count":2,"href":"https:\/\/radarprocess.com\/fr\/wp-json\/wp\/v2\/posts\/4876\/revisions"}],"predecessor-version":[{"id":4882,"href":"https:\/\/radarprocess.com\/fr\/wp-json\/wp\/v2\/posts\/4876\/revisions\/4882"}],"wp:featuredmedia":[{"embeddable":true,"href":"https:\/\/radarprocess.com\/fr\/wp-json\/wp\/v2\/media\/4873"}],"wp:attachment":[{"href":"https:\/\/radarprocess.com\/fr\/wp-json\/wp\/v2\/media?parent=4876"}],"wp:term":[{"taxonomy":"category","embeddable":true,"href":"https:\/\/radarprocess.com\/fr\/wp-json\/wp\/v2\/categories?post=4876"},{"taxonomy":"post_tag","embeddable":true,"href":"https:\/\/radarprocess.com\/fr\/wp-json\/wp\/v2\/tags?post=4876"}],"curies":[{"name":"wp","href":"https:\/\/api.w.org\/{rel}","templated":true}]}}