{"id":5176,"date":"2025-03-13T12:28:23","date_gmt":"2025-03-13T11:28:23","guid":{"rendered":"https:\/\/radarprocess.com\/o-radar-process-regressa-a-iba-trade-fair-2025\/"},"modified":"2025-03-13T12:28:23","modified_gmt":"2025-03-13T11:28:23","slug":"o-radar-process-regressa-a-iba-trade-fair-2025","status":"publish","type":"post","link":"https:\/\/radarprocess.com\/pt-pt\/o-radar-process-regressa-a-iba-trade-fair-2025\/","title":{"rendered":"O Radar Process regressa \u00e0 IBA Trade Fair 2025"},"content":{"rendered":"<p class=\"p1\">Temos o prazer de anunciar que o Radar Process estar\u00e1 mais uma vez presente na <b>IBA Trade Fair 2025<\/b>, a principal feira mundial para a ind\u00fastria de panifica\u00e7\u00e3o e confeitaria.<\/p>\n<p class=\"p1\"><b>Encontra-nos no Pavilh\u00e3o 13 &#8211; Stand A10<\/b><\/p>\n<p class=\"p1\"><b>Datas e hor\u00e1rios<\/b><br \/>\nA IBA realizar-se-\u00e1 de <b>18 a 22 de maio de 2025<\/b> na <b>Messe D\u00fcsseldorf, Alemanha<\/b>.<br \/>\nO hor\u00e1rio de abertura ser\u00e1 das <b>09:30h \u00e0s 18:00h de Domingo a Quarta-feira<\/b>, e na <b>Quinta-feira, 22 de maio,<\/b> o local encerrar\u00e1 \u00e0s <b>17:00h<\/b>.<\/p>\n<p class=\"p1\"><b>Marca uma reuni\u00e3o com a nossa equipa<\/b><\/p>\n<p class=\"p1\">Na <b>Radar Process<\/b> estamos sempre \u00e0 tua disposi\u00e7\u00e3o para te ajudar a otimizar os teus processos de produ\u00e7\u00e3o. Convidamo-lo a agendar uma reuni\u00e3o com os nossos especialistas e a conhecer em primeira m\u00e3o as nossas solu\u00e7\u00f5es inovadoras para a ind\u00fastria alimentar. <\/p>\n<p class=\"p1\">Para mais informa\u00e7\u00f5es sobre a exposi\u00e7\u00e3o ou para marcar uma reuni\u00e3o, <b><a href=\"mailto:info@radarprocess.com\" target=\"_blank\" rel=\"noopener\">contacta-nos<\/a><\/b>.<\/p>\n<p class=\"p1\"><b>Compra o teu bilhete<\/b><\/p>\n<p class=\"p1\">Se ainda n\u00e3o tens o teu bilhete, <b>clica na liga\u00e7\u00e3o abaixo e compra o teu:<\/b><\/p>\n<p class=\"p2\"><a href=\"mailto:info@radarprocess.com\" target=\"_blank\" rel=\"noopener\"><span class=\"s2\"><b>QUERO UM BILHETE  <\/b><\/span><\/a><\/p>\n<div id=\"gtx-trans\" style=\"position: absolute; left: 619px; top: 104.8px;\">\n<div class=\"gtx-trans-icon\"><\/div>\n<\/div>\n","protected":false},"excerpt":{"rendered":"<p>Temos o prazer de anunciar que o Radar Process estar\u00e1 mais uma vez presente na IBA Trade Fair 2025, a principal feira mundial para a ind\u00fastria de panifica\u00e7\u00e3o e confeitaria. Encontra-nos no Pavilh\u00e3o 13 &#8211; Stand A10 Datas e hor\u00e1rios A IBA realizar-se-\u00e1 de 18 a 22 de maio de 2025 na Messe D\u00fcsseldorf, Alemanha.&hellip;&nbsp;<a href=\"https:\/\/radarprocess.com\/pt-pt\/o-radar-process-regressa-a-iba-trade-fair-2025\/\" rel=\"bookmark\"><span class=\"screen-reader-text\">O Radar Process regressa \u00e0 IBA Trade Fair 2025<\/span><\/a><\/p>\n","protected":false},"author":1,"featured_media":5178,"comment_status":"open","ping_status":"open","sticky":false,"template":"","format":"standard","meta":{"_acf_changed":false,"neve_meta_sidebar":"","neve_meta_container":"","neve_meta_enable_content_width":"off","neve_meta_content_width":70,"neve_meta_title_alignment":"","neve_meta_author_avatar":"","neve_post_elements_order":"","neve_meta_disable_header":"","neve_meta_disable_footer":"","neve_meta_disable_title":"","footnotes":""},"categories":[31],"tags":[],"class_list":["post-5176","post","type-post","status-publish","format-standard","has-post-thumbnail","hentry","category-sem-categoria"],"acf":[],"yoast_head":"<!-- This site is optimized with the Yoast SEO plugin v26.9 - https:\/\/yoast.com\/product\/yoast-seo-wordpress\/ -->\n<title>Processo Radar - IBA Trade Fair 2025<\/title>\n<meta name=\"description\" content=\"IBA Trade Fair 2025, a principal feira mundial para a ind\u00fastria de panifica\u00e7\u00e3o e confeitaria, de 18 a 22 de maio de 2025 na Messe D\u00fcsseldorf, Alemanha.\" \/>\n<meta name=\"robots\" content=\"index, follow, max-snippet:-1, max-image-preview:large, max-video-preview:-1\" \/>\n<link rel=\"canonical\" href=\"https:\/\/radarprocess.com\/pt-pt\/o-radar-process-regressa-a-iba-trade-fair-2025\/\" \/>\n<meta property=\"og:locale\" content=\"pt_PT\" \/>\n<meta property=\"og:type\" content=\"article\" \/>\n<meta property=\"og:title\" content=\"Processo Radar - IBA Trade Fair 2025\" \/>\n<meta property=\"og:description\" content=\"IBA Trade Fair 2025, a principal feira mundial para a ind\u00fastria de panifica\u00e7\u00e3o e confeitaria, de 18 a 22 de maio de 2025 na Messe D\u00fcsseldorf, Alemanha.\" \/>\n<meta property=\"og:url\" content=\"https:\/\/radarprocess.com\/pt-pt\/o-radar-process-regressa-a-iba-trade-fair-2025\/\" \/>\n<meta property=\"og:site_name\" content=\"Processo de radar\" \/>\n<meta property=\"article:published_time\" content=\"2025-03-13T11:28:23+00:00\" \/>\n<meta property=\"og:image\" content=\"https:\/\/radarprocess.com\/wp-content\/uploads\/2025\/03\/IBA-Radar.jpg\" \/>\n\t<meta property=\"og:image:width\" content=\"1120\" \/>\n\t<meta property=\"og:image:height\" content=\"590\" \/>\n\t<meta property=\"og:image:type\" content=\"image\/jpeg\" \/>\n<meta name=\"author\" content=\"neorg_US\" \/>\n<meta name=\"twitter:card\" content=\"summary_large_image\" \/>\n<meta name=\"twitter:label1\" content=\"Escrito por\" \/>\n\t<meta name=\"twitter:data1\" content=\"neorg_US\" \/>\n\t<meta name=\"twitter:label2\" content=\"Tempo estimado de leitura\" \/>\n\t<meta name=\"twitter:data2\" content=\"1 minuto\" \/>\n<script type=\"application\/ld+json\" class=\"yoast-schema-graph\">{\"@context\":\"https:\/\/schema.org\",\"@graph\":[{\"@type\":\"Article\",\"@id\":\"https:\/\/radarprocess.com\/pt-pt\/o-radar-process-regressa-a-iba-trade-fair-2025\/#article\",\"isPartOf\":{\"@id\":\"https:\/\/radarprocess.com\/pt-pt\/o-radar-process-regressa-a-iba-trade-fair-2025\/\"},\"author\":{\"name\":\"neorg_US\",\"@id\":\"https:\/\/radarprocess.com\/#\/schema\/person\/765ef37ac377a8fa32ec58773e099de3\"},\"headline\":\"O Radar Process regressa \u00e0 IBA Trade Fair 2025\",\"datePublished\":\"2025-03-13T11:28:23+00:00\",\"mainEntityOfPage\":{\"@id\":\"https:\/\/radarprocess.com\/pt-pt\/o-radar-process-regressa-a-iba-trade-fair-2025\/\"},\"wordCount\":179,\"commentCount\":0,\"publisher\":{\"@id\":\"https:\/\/radarprocess.com\/#organization\"},\"image\":{\"@id\":\"https:\/\/radarprocess.com\/pt-pt\/o-radar-process-regressa-a-iba-trade-fair-2025\/#primaryimage\"},\"thumbnailUrl\":\"https:\/\/radarprocess.com\/wp-content\/uploads\/2025\/03\/IBA-Radar.jpg\",\"inLanguage\":\"pt-PT\",\"potentialAction\":[{\"@type\":\"CommentAction\",\"name\":\"Comment\",\"target\":[\"https:\/\/radarprocess.com\/pt-pt\/o-radar-process-regressa-a-iba-trade-fair-2025\/#respond\"]}]},{\"@type\":\"WebPage\",\"@id\":\"https:\/\/radarprocess.com\/pt-pt\/o-radar-process-regressa-a-iba-trade-fair-2025\/\",\"url\":\"https:\/\/radarprocess.com\/pt-pt\/o-radar-process-regressa-a-iba-trade-fair-2025\/\",\"name\":\"Processo Radar - IBA Trade Fair 2025\",\"isPartOf\":{\"@id\":\"https:\/\/radarprocess.com\/#website\"},\"primaryImageOfPage\":{\"@id\":\"https:\/\/radarprocess.com\/pt-pt\/o-radar-process-regressa-a-iba-trade-fair-2025\/#primaryimage\"},\"image\":{\"@id\":\"https:\/\/radarprocess.com\/pt-pt\/o-radar-process-regressa-a-iba-trade-fair-2025\/#primaryimage\"},\"thumbnailUrl\":\"https:\/\/radarprocess.com\/wp-content\/uploads\/2025\/03\/IBA-Radar.jpg\",\"datePublished\":\"2025-03-13T11:28:23+00:00\",\"description\":\"IBA Trade Fair 2025, a principal feira mundial para a ind\u00fastria de panifica\u00e7\u00e3o e confeitaria, de 18 a 22 de maio de 2025 na Messe D\u00fcsseldorf, Alemanha.\",\"breadcrumb\":{\"@id\":\"https:\/\/radarprocess.com\/pt-pt\/o-radar-process-regressa-a-iba-trade-fair-2025\/#breadcrumb\"},\"inLanguage\":\"pt-PT\",\"potentialAction\":[{\"@type\":\"ReadAction\",\"target\":[\"https:\/\/radarprocess.com\/pt-pt\/o-radar-process-regressa-a-iba-trade-fair-2025\/\"]}]},{\"@type\":\"ImageObject\",\"inLanguage\":\"pt-PT\",\"@id\":\"https:\/\/radarprocess.com\/pt-pt\/o-radar-process-regressa-a-iba-trade-fair-2025\/#primaryimage\",\"url\":\"https:\/\/radarprocess.com\/wp-content\/uploads\/2025\/03\/IBA-Radar.jpg\",\"contentUrl\":\"https:\/\/radarprocess.com\/wp-content\/uploads\/2025\/03\/IBA-Radar.jpg\",\"width\":1120,\"height\":590,\"caption\":\"IBA Trade Fair 2025\"},{\"@type\":\"BreadcrumbList\",\"@id\":\"https:\/\/radarprocess.com\/pt-pt\/o-radar-process-regressa-a-iba-trade-fair-2025\/#breadcrumb\",\"itemListElement\":[{\"@type\":\"ListItem\",\"position\":1,\"name\":\"P\u00e1gina inicial\",\"item\":\"https:\/\/radarprocess.com\/pt-pt\/casa\/\"},{\"@type\":\"ListItem\",\"position\":2,\"name\":\"O Radar Process regressa \u00e0 IBA Trade Fair 2025\"}]},{\"@type\":\"WebSite\",\"@id\":\"https:\/\/radarprocess.com\/#website\",\"url\":\"https:\/\/radarprocess.com\/\",\"name\":\"Processo de radar\",\"description\":\"Transporte pneum\u00e1tico, dosagem de s\u00f3lidos e silos de armazenamento\",\"publisher\":{\"@id\":\"https:\/\/radarprocess.com\/#organization\"},\"alternateName\":\"Radar Process\",\"potentialAction\":[{\"@type\":\"SearchAction\",\"target\":{\"@type\":\"EntryPoint\",\"urlTemplate\":\"https:\/\/radarprocess.com\/?s={search_term_string}\"},\"query-input\":{\"@type\":\"PropertyValueSpecification\",\"valueRequired\":true,\"valueName\":\"search_term_string\"}}],\"inLanguage\":\"pt-PT\"},{\"@type\":\"Organization\",\"@id\":\"https:\/\/radarprocess.com\/#organization\",\"name\":\"Processo de radar\",\"alternateName\":\"Processo de radar\",\"url\":\"https:\/\/radarprocess.com\/\",\"logo\":{\"@type\":\"ImageObject\",\"inLanguage\":\"pt-PT\",\"@id\":\"https:\/\/radarprocess.com\/#\/schema\/logo\/image\/\",\"url\":\"https:\/\/radarprocess.com\/wp-content\/uploads\/2021\/11\/logo-1.jpg\",\"contentUrl\":\"https:\/\/radarprocess.com\/wp-content\/uploads\/2021\/11\/logo-1.jpg\",\"width\":330,\"height\":96,\"caption\":\"Processo de radar\"},\"image\":{\"@id\":\"https:\/\/radarprocess.com\/#\/schema\/logo\/image\/\"},\"sameAs\":[\"https:\/\/www.linkedin.com\/company\/radar-process-sl\/\"]},{\"@type\":\"Person\",\"@id\":\"https:\/\/radarprocess.com\/#\/schema\/person\/765ef37ac377a8fa32ec58773e099de3\",\"name\":\"neorg_US\",\"image\":{\"@type\":\"ImageObject\",\"inLanguage\":\"pt-PT\",\"@id\":\"https:\/\/radarprocess.com\/#\/schema\/person\/image\/\",\"url\":\"https:\/\/secure.gravatar.com\/avatar\/b63926e9b9d0dcf698d6148e42ad55d32fd25573ca6e03571bddf984706f7428?s=96&d=mm&r=g\",\"contentUrl\":\"https:\/\/secure.gravatar.com\/avatar\/b63926e9b9d0dcf698d6148e42ad55d32fd25573ca6e03571bddf984706f7428?s=96&d=mm&r=g\",\"caption\":\"neorg_US\"},\"sameAs\":[\"https:\/\/radarprocess.com\/\"]}]}<\/script>\n<!-- \/ Yoast SEO plugin. -->","yoast_head_json":{"title":"Processo Radar - IBA Trade Fair 2025","description":"IBA Trade Fair 2025, a principal feira mundial para a ind\u00fastria de panifica\u00e7\u00e3o e confeitaria, de 18 a 22 de maio de 2025 na Messe D\u00fcsseldorf, Alemanha.","robots":{"index":"index","follow":"follow","max-snippet":"max-snippet:-1","max-image-preview":"max-image-preview:large","max-video-preview":"max-video-preview:-1"},"canonical":"https:\/\/radarprocess.com\/pt-pt\/o-radar-process-regressa-a-iba-trade-fair-2025\/","og_locale":"pt_PT","og_type":"article","og_title":"Processo Radar - IBA Trade Fair 2025","og_description":"IBA Trade Fair 2025, a principal feira mundial para a ind\u00fastria de panifica\u00e7\u00e3o e confeitaria, de 18 a 22 de maio de 2025 na Messe D\u00fcsseldorf, Alemanha.","og_url":"https:\/\/radarprocess.com\/pt-pt\/o-radar-process-regressa-a-iba-trade-fair-2025\/","og_site_name":"Processo de radar","article_published_time":"2025-03-13T11:28:23+00:00","og_image":[{"width":1120,"height":590,"url":"https:\/\/radarprocess.com\/wp-content\/uploads\/2025\/03\/IBA-Radar.jpg","type":"image\/jpeg"}],"author":"neorg_US","twitter_card":"summary_large_image","twitter_misc":{"Escrito por":"neorg_US","Tempo estimado de leitura":"1 minuto"},"schema":{"@context":"https:\/\/schema.org","@graph":[{"@type":"Article","@id":"https:\/\/radarprocess.com\/pt-pt\/o-radar-process-regressa-a-iba-trade-fair-2025\/#article","isPartOf":{"@id":"https:\/\/radarprocess.com\/pt-pt\/o-radar-process-regressa-a-iba-trade-fair-2025\/"},"author":{"name":"neorg_US","@id":"https:\/\/radarprocess.com\/#\/schema\/person\/765ef37ac377a8fa32ec58773e099de3"},"headline":"O Radar Process regressa \u00e0 IBA Trade Fair 2025","datePublished":"2025-03-13T11:28:23+00:00","mainEntityOfPage":{"@id":"https:\/\/radarprocess.com\/pt-pt\/o-radar-process-regressa-a-iba-trade-fair-2025\/"},"wordCount":179,"commentCount":0,"publisher":{"@id":"https:\/\/radarprocess.com\/#organization"},"image":{"@id":"https:\/\/radarprocess.com\/pt-pt\/o-radar-process-regressa-a-iba-trade-fair-2025\/#primaryimage"},"thumbnailUrl":"https:\/\/radarprocess.com\/wp-content\/uploads\/2025\/03\/IBA-Radar.jpg","inLanguage":"pt-PT","potentialAction":[{"@type":"CommentAction","name":"Comment","target":["https:\/\/radarprocess.com\/pt-pt\/o-radar-process-regressa-a-iba-trade-fair-2025\/#respond"]}]},{"@type":"WebPage","@id":"https:\/\/radarprocess.com\/pt-pt\/o-radar-process-regressa-a-iba-trade-fair-2025\/","url":"https:\/\/radarprocess.com\/pt-pt\/o-radar-process-regressa-a-iba-trade-fair-2025\/","name":"Processo Radar - IBA Trade Fair 2025","isPartOf":{"@id":"https:\/\/radarprocess.com\/#website"},"primaryImageOfPage":{"@id":"https:\/\/radarprocess.com\/pt-pt\/o-radar-process-regressa-a-iba-trade-fair-2025\/#primaryimage"},"image":{"@id":"https:\/\/radarprocess.com\/pt-pt\/o-radar-process-regressa-a-iba-trade-fair-2025\/#primaryimage"},"thumbnailUrl":"https:\/\/radarprocess.com\/wp-content\/uploads\/2025\/03\/IBA-Radar.jpg","datePublished":"2025-03-13T11:28:23+00:00","description":"IBA Trade Fair 2025, a principal feira mundial para a ind\u00fastria de panifica\u00e7\u00e3o e confeitaria, de 18 a 22 de maio de 2025 na Messe D\u00fcsseldorf, Alemanha.","breadcrumb":{"@id":"https:\/\/radarprocess.com\/pt-pt\/o-radar-process-regressa-a-iba-trade-fair-2025\/#breadcrumb"},"inLanguage":"pt-PT","potentialAction":[{"@type":"ReadAction","target":["https:\/\/radarprocess.com\/pt-pt\/o-radar-process-regressa-a-iba-trade-fair-2025\/"]}]},{"@type":"ImageObject","inLanguage":"pt-PT","@id":"https:\/\/radarprocess.com\/pt-pt\/o-radar-process-regressa-a-iba-trade-fair-2025\/#primaryimage","url":"https:\/\/radarprocess.com\/wp-content\/uploads\/2025\/03\/IBA-Radar.jpg","contentUrl":"https:\/\/radarprocess.com\/wp-content\/uploads\/2025\/03\/IBA-Radar.jpg","width":1120,"height":590,"caption":"IBA Trade Fair 2025"},{"@type":"BreadcrumbList","@id":"https:\/\/radarprocess.com\/pt-pt\/o-radar-process-regressa-a-iba-trade-fair-2025\/#breadcrumb","itemListElement":[{"@type":"ListItem","position":1,"name":"P\u00e1gina inicial","item":"https:\/\/radarprocess.com\/pt-pt\/casa\/"},{"@type":"ListItem","position":2,"name":"O Radar Process regressa \u00e0 IBA Trade Fair 2025"}]},{"@type":"WebSite","@id":"https:\/\/radarprocess.com\/#website","url":"https:\/\/radarprocess.com\/","name":"Processo de radar","description":"Transporte pneum\u00e1tico, dosagem de s\u00f3lidos e silos de armazenamento","publisher":{"@id":"https:\/\/radarprocess.com\/#organization"},"alternateName":"Radar Process","potentialAction":[{"@type":"SearchAction","target":{"@type":"EntryPoint","urlTemplate":"https:\/\/radarprocess.com\/?s={search_term_string}"},"query-input":{"@type":"PropertyValueSpecification","valueRequired":true,"valueName":"search_term_string"}}],"inLanguage":"pt-PT"},{"@type":"Organization","@id":"https:\/\/radarprocess.com\/#organization","name":"Processo de radar","alternateName":"Processo de radar","url":"https:\/\/radarprocess.com\/","logo":{"@type":"ImageObject","inLanguage":"pt-PT","@id":"https:\/\/radarprocess.com\/#\/schema\/logo\/image\/","url":"https:\/\/radarprocess.com\/wp-content\/uploads\/2021\/11\/logo-1.jpg","contentUrl":"https:\/\/radarprocess.com\/wp-content\/uploads\/2021\/11\/logo-1.jpg","width":330,"height":96,"caption":"Processo de radar"},"image":{"@id":"https:\/\/radarprocess.com\/#\/schema\/logo\/image\/"},"sameAs":["https:\/\/www.linkedin.com\/company\/radar-process-sl\/"]},{"@type":"Person","@id":"https:\/\/radarprocess.com\/#\/schema\/person\/765ef37ac377a8fa32ec58773e099de3","name":"neorg_US","image":{"@type":"ImageObject","inLanguage":"pt-PT","@id":"https:\/\/radarprocess.com\/#\/schema\/person\/image\/","url":"https:\/\/secure.gravatar.com\/avatar\/b63926e9b9d0dcf698d6148e42ad55d32fd25573ca6e03571bddf984706f7428?s=96&d=mm&r=g","contentUrl":"https:\/\/secure.gravatar.com\/avatar\/b63926e9b9d0dcf698d6148e42ad55d32fd25573ca6e03571bddf984706f7428?s=96&d=mm&r=g","caption":"neorg_US"},"sameAs":["https:\/\/radarprocess.com\/"]}]}},"_links":{"self":[{"href":"https:\/\/radarprocess.com\/pt-pt\/wp-json\/wp\/v2\/posts\/5176","targetHints":{"allow":["GET"]}}],"collection":[{"href":"https:\/\/radarprocess.com\/pt-pt\/wp-json\/wp\/v2\/posts"}],"about":[{"href":"https:\/\/radarprocess.com\/pt-pt\/wp-json\/wp\/v2\/types\/post"}],"author":[{"embeddable":true,"href":"https:\/\/radarprocess.com\/pt-pt\/wp-json\/wp\/v2\/users\/1"}],"replies":[{"embeddable":true,"href":"https:\/\/radarprocess.com\/pt-pt\/wp-json\/wp\/v2\/comments?post=5176"}],"version-history":[{"count":0,"href":"https:\/\/radarprocess.com\/pt-pt\/wp-json\/wp\/v2\/posts\/5176\/revisions"}],"wp:featuredmedia":[{"embeddable":true,"href":"https:\/\/radarprocess.com\/pt-pt\/wp-json\/wp\/v2\/media\/5178"}],"wp:attachment":[{"href":"https:\/\/radarprocess.com\/pt-pt\/wp-json\/wp\/v2\/media?parent=5176"}],"wp:term":[{"taxonomy":"category","embeddable":true,"href":"https:\/\/radarprocess.com\/pt-pt\/wp-json\/wp\/v2\/categories?post=5176"},{"taxonomy":"post_tag","embeddable":true,"href":"https:\/\/radarprocess.com\/pt-pt\/wp-json\/wp\/v2\/tags?post=5176"}],"curies":[{"name":"wp","href":"https:\/\/api.w.org\/{rel}","templated":true}]}}