{"id":5209,"date":"2022-04-05T15:42:05","date_gmt":"2022-04-05T13:42:05","guid":{"rendered":"https:\/\/radarprocess.com\/o-radar-process-participa-pela-primeira-vez-na-cfia-de-8-a-10-de-junho-em-rennes-franca\/"},"modified":"2022-04-05T15:42:05","modified_gmt":"2022-04-05T13:42:05","slug":"o-radar-process-participa-pela-primeira-vez-na-cfia-de-8-a-10-de-junho-em-rennes-franca","status":"publish","type":"post","link":"https:\/\/radarprocess.com\/pt-pt\/o-radar-process-participa-pela-primeira-vez-na-cfia-de-8-a-10-de-junho-em-rennes-franca\/","title":{"rendered":"O Radar Process participa pela primeira vez na Cfia, de 8 a 10 de junho, em Rennes, Fran\u00e7a."},"content":{"rendered":"<p>QUEREMOS V\u00ca-LO NO STAND C13 DO SAL\u00c3O 6 DA FEIRA DA CFIA, DE 8 A 10 DE JUNHO EM RENNES, FRAN\u00c7A.<\/p>\n<p>Estaremos presentes na feira da ind\u00fastria agroalimentar francesa, de 8 a 10 de junho.<\/p>\n<p>Para mais informa\u00e7\u00f5es, podes visitar o site da feira:<\/p>\n<p><a href=\"https:\/\/www.cfiaexpo.com\/\">www.cfiaexpo.com<\/a><\/p>\n","protected":false},"excerpt":{"rendered":"<p>QUEREMOS V\u00ca-LO NO STAND C13 DO SAL\u00c3O 6 DA FEIRA DA CFIA, DE 8 A 10 DE JUNHO EM RENNES, FRAN\u00c7A. Estaremos presentes na feira da ind\u00fastria agroalimentar francesa, de 8 a 10 de junho. Para mais informa\u00e7\u00f5es, podes visitar o site da feira: www.cfiaexpo.com<\/p>\n","protected":false},"author":1,"featured_media":5210,"comment_status":"open","ping_status":"open","sticky":false,"template":"","format":"standard","meta":{"_acf_changed":false,"neve_meta_sidebar":"","neve_meta_container":"","neve_meta_enable_content_width":"off","neve_meta_content_width":70,"neve_meta_title_alignment":"","neve_meta_author_avatar":"","neve_post_elements_order":"","neve_meta_disable_header":"","neve_meta_disable_footer":"","neve_meta_disable_title":"","footnotes":""},"categories":[31],"tags":[],"class_list":["post-5209","post","type-post","status-publish","format-standard","has-post-thumbnail","hentry","category-sem-categoria"],"acf":[],"yoast_head":"<!-- This site is optimized with the Yoast SEO plugin v26.9 - https:\/\/yoast.com\/product\/yoast-seo-wordpress\/ -->\n<title>O Radar Process participa pela primeira vez na Cfia, de 8 a 10 de junho, em Rennes, Fran\u00e7a. | Processo de radar% Processo de radar | Processo de radar%<\/title>\n<meta name=\"description\" content=\"Estaremos presentes na feira da ind\u00fastria agroalimentar, de 8 a 10 de junho, para mais informa\u00e7\u00f5es, visita o site da feira.\" \/>\n<meta name=\"robots\" content=\"index, follow, max-snippet:-1, max-image-preview:large, max-video-preview:-1\" \/>\n<link rel=\"canonical\" href=\"https:\/\/radarprocess.com\/pt-pt\/o-radar-process-participa-pela-primeira-vez-na-cfia-de-8-a-10-de-junho-em-rennes-franca\/\" \/>\n<meta property=\"og:locale\" content=\"pt_PT\" \/>\n<meta property=\"og:type\" content=\"article\" \/>\n<meta property=\"og:title\" content=\"O Radar Process participa pela primeira vez na Cfia, de 8 a 10 de junho, em Rennes, Fran\u00e7a. | Processo de radar% Processo de radar | Processo de radar%\" \/>\n<meta property=\"og:description\" content=\"Estaremos presentes na feira da ind\u00fastria agroalimentar, de 8 a 10 de junho, para mais informa\u00e7\u00f5es, visita o site da feira.\" \/>\n<meta property=\"og:url\" content=\"https:\/\/radarprocess.com\/pt-pt\/o-radar-process-participa-pela-primeira-vez-na-cfia-de-8-a-10-de-junho-em-rennes-franca\/\" \/>\n<meta property=\"og:site_name\" content=\"Processo de radar\" \/>\n<meta property=\"article:published_time\" content=\"2022-04-05T13:42:05+00:00\" \/>\n<meta property=\"og:image\" content=\"https:\/\/radarprocess.com\/wp-content\/uploads\/2020\/02\/cfia.jpg\" \/>\n\t<meta property=\"og:image:width\" content=\"1500\" \/>\n\t<meta property=\"og:image:height\" content=\"908\" \/>\n\t<meta property=\"og:image:type\" content=\"image\/jpeg\" \/>\n<meta name=\"author\" content=\"neorg_US\" \/>\n<meta name=\"twitter:card\" content=\"summary_large_image\" \/>\n<meta name=\"twitter:label1\" content=\"Escrito por\" \/>\n\t<meta name=\"twitter:data1\" content=\"neorg_US\" \/>\n<script type=\"application\/ld+json\" class=\"yoast-schema-graph\">{\"@context\":\"https:\/\/schema.org\",\"@graph\":[{\"@type\":\"Article\",\"@id\":\"https:\/\/radarprocess.com\/pt-pt\/o-radar-process-participa-pela-primeira-vez-na-cfia-de-8-a-10-de-junho-em-rennes-franca\/#article\",\"isPartOf\":{\"@id\":\"https:\/\/radarprocess.com\/pt-pt\/o-radar-process-participa-pela-primeira-vez-na-cfia-de-8-a-10-de-junho-em-rennes-franca\/\"},\"author\":{\"name\":\"neorg_US\",\"@id\":\"https:\/\/radarprocess.com\/#\/schema\/person\/765ef37ac377a8fa32ec58773e099de3\"},\"headline\":\"O Radar Process participa pela primeira vez na Cfia, de 8 a 10 de junho, em Rennes, Fran\u00e7a.\",\"datePublished\":\"2022-04-05T13:42:05+00:00\",\"mainEntityOfPage\":{\"@id\":\"https:\/\/radarprocess.com\/pt-pt\/o-radar-process-participa-pela-primeira-vez-na-cfia-de-8-a-10-de-junho-em-rennes-franca\/\"},\"wordCount\":64,\"commentCount\":0,\"publisher\":{\"@id\":\"https:\/\/radarprocess.com\/#organization\"},\"image\":{\"@id\":\"https:\/\/radarprocess.com\/pt-pt\/o-radar-process-participa-pela-primeira-vez-na-cfia-de-8-a-10-de-junho-em-rennes-franca\/#primaryimage\"},\"thumbnailUrl\":\"https:\/\/radarprocess.com\/wp-content\/uploads\/2020\/02\/cfia.jpg\",\"inLanguage\":\"pt-PT\",\"potentialAction\":[{\"@type\":\"CommentAction\",\"name\":\"Comment\",\"target\":[\"https:\/\/radarprocess.com\/pt-pt\/o-radar-process-participa-pela-primeira-vez-na-cfia-de-8-a-10-de-junho-em-rennes-franca\/#respond\"]}]},{\"@type\":\"WebPage\",\"@id\":\"https:\/\/radarprocess.com\/pt-pt\/o-radar-process-participa-pela-primeira-vez-na-cfia-de-8-a-10-de-junho-em-rennes-franca\/\",\"url\":\"https:\/\/radarprocess.com\/pt-pt\/o-radar-process-participa-pela-primeira-vez-na-cfia-de-8-a-10-de-junho-em-rennes-franca\/\",\"name\":\"O Radar Process participa pela primeira vez na Cfia, de 8 a 10 de junho, em Rennes, Fran\u00e7a. | Processo de radar% Processo de radar | Processo de radar%\",\"isPartOf\":{\"@id\":\"https:\/\/radarprocess.com\/#website\"},\"primaryImageOfPage\":{\"@id\":\"https:\/\/radarprocess.com\/pt-pt\/o-radar-process-participa-pela-primeira-vez-na-cfia-de-8-a-10-de-junho-em-rennes-franca\/#primaryimage\"},\"image\":{\"@id\":\"https:\/\/radarprocess.com\/pt-pt\/o-radar-process-participa-pela-primeira-vez-na-cfia-de-8-a-10-de-junho-em-rennes-franca\/#primaryimage\"},\"thumbnailUrl\":\"https:\/\/radarprocess.com\/wp-content\/uploads\/2020\/02\/cfia.jpg\",\"datePublished\":\"2022-04-05T13:42:05+00:00\",\"description\":\"Estaremos presentes na feira da ind\u00fastria agroalimentar, de 8 a 10 de junho, para mais informa\u00e7\u00f5es, visita o site da feira.\",\"breadcrumb\":{\"@id\":\"https:\/\/radarprocess.com\/pt-pt\/o-radar-process-participa-pela-primeira-vez-na-cfia-de-8-a-10-de-junho-em-rennes-franca\/#breadcrumb\"},\"inLanguage\":\"pt-PT\",\"potentialAction\":[{\"@type\":\"ReadAction\",\"target\":[\"https:\/\/radarprocess.com\/pt-pt\/o-radar-process-participa-pela-primeira-vez-na-cfia-de-8-a-10-de-junho-em-rennes-franca\/\"]}]},{\"@type\":\"ImageObject\",\"inLanguage\":\"pt-PT\",\"@id\":\"https:\/\/radarprocess.com\/pt-pt\/o-radar-process-participa-pela-primeira-vez-na-cfia-de-8-a-10-de-junho-em-rennes-franca\/#primaryimage\",\"url\":\"https:\/\/radarprocess.com\/wp-content\/uploads\/2020\/02\/cfia.jpg\",\"contentUrl\":\"https:\/\/radarprocess.com\/wp-content\/uploads\/2020\/02\/cfia.jpg\",\"width\":1500,\"height\":908,\"caption\":\"Cfia del 8 al 10 de Junio en Rennes, Francia\"},{\"@type\":\"BreadcrumbList\",\"@id\":\"https:\/\/radarprocess.com\/pt-pt\/o-radar-process-participa-pela-primeira-vez-na-cfia-de-8-a-10-de-junho-em-rennes-franca\/#breadcrumb\",\"itemListElement\":[{\"@type\":\"ListItem\",\"position\":1,\"name\":\"P\u00e1gina inicial\",\"item\":\"https:\/\/radarprocess.com\/pt-pt\/casa\/\"},{\"@type\":\"ListItem\",\"position\":2,\"name\":\"O Radar Process participa pela primeira vez na Cfia, de 8 a 10 de junho, em Rennes, Fran\u00e7a.\"}]},{\"@type\":\"WebSite\",\"@id\":\"https:\/\/radarprocess.com\/#website\",\"url\":\"https:\/\/radarprocess.com\/\",\"name\":\"Processo de radar\",\"description\":\"Transporte pneum\u00e1tico, dosagem de s\u00f3lidos e silos de armazenamento\",\"publisher\":{\"@id\":\"https:\/\/radarprocess.com\/#organization\"},\"alternateName\":\"Radar Process\",\"potentialAction\":[{\"@type\":\"SearchAction\",\"target\":{\"@type\":\"EntryPoint\",\"urlTemplate\":\"https:\/\/radarprocess.com\/?s={search_term_string}\"},\"query-input\":{\"@type\":\"PropertyValueSpecification\",\"valueRequired\":true,\"valueName\":\"search_term_string\"}}],\"inLanguage\":\"pt-PT\"},{\"@type\":\"Organization\",\"@id\":\"https:\/\/radarprocess.com\/#organization\",\"name\":\"Processo de radar\",\"alternateName\":\"Processo de radar\",\"url\":\"https:\/\/radarprocess.com\/\",\"logo\":{\"@type\":\"ImageObject\",\"inLanguage\":\"pt-PT\",\"@id\":\"https:\/\/radarprocess.com\/#\/schema\/logo\/image\/\",\"url\":\"https:\/\/radarprocess.com\/wp-content\/uploads\/2021\/11\/logo-1.jpg\",\"contentUrl\":\"https:\/\/radarprocess.com\/wp-content\/uploads\/2021\/11\/logo-1.jpg\",\"width\":330,\"height\":96,\"caption\":\"Processo de radar\"},\"image\":{\"@id\":\"https:\/\/radarprocess.com\/#\/schema\/logo\/image\/\"},\"sameAs\":[\"https:\/\/www.linkedin.com\/company\/radar-process-sl\/\"]},{\"@type\":\"Person\",\"@id\":\"https:\/\/radarprocess.com\/#\/schema\/person\/765ef37ac377a8fa32ec58773e099de3\",\"name\":\"neorg_US\",\"image\":{\"@type\":\"ImageObject\",\"inLanguage\":\"pt-PT\",\"@id\":\"https:\/\/radarprocess.com\/#\/schema\/person\/image\/\",\"url\":\"https:\/\/secure.gravatar.com\/avatar\/b63926e9b9d0dcf698d6148e42ad55d32fd25573ca6e03571bddf984706f7428?s=96&d=mm&r=g\",\"contentUrl\":\"https:\/\/secure.gravatar.com\/avatar\/b63926e9b9d0dcf698d6148e42ad55d32fd25573ca6e03571bddf984706f7428?s=96&d=mm&r=g\",\"caption\":\"neorg_US\"},\"sameAs\":[\"https:\/\/radarprocess.com\/\"]}]}<\/script>\n<!-- \/ Yoast SEO plugin. -->","yoast_head_json":{"title":"O Radar Process participa pela primeira vez na Cfia, de 8 a 10 de junho, em Rennes, Fran\u00e7a. | Processo de radar% Processo de radar | Processo de radar%","description":"Estaremos presentes na feira da ind\u00fastria agroalimentar, de 8 a 10 de junho, para mais informa\u00e7\u00f5es, visita o site da feira.","robots":{"index":"index","follow":"follow","max-snippet":"max-snippet:-1","max-image-preview":"max-image-preview:large","max-video-preview":"max-video-preview:-1"},"canonical":"https:\/\/radarprocess.com\/pt-pt\/o-radar-process-participa-pela-primeira-vez-na-cfia-de-8-a-10-de-junho-em-rennes-franca\/","og_locale":"pt_PT","og_type":"article","og_title":"O Radar Process participa pela primeira vez na Cfia, de 8 a 10 de junho, em Rennes, Fran\u00e7a. | Processo de radar% Processo de radar | Processo de radar%","og_description":"Estaremos presentes na feira da ind\u00fastria agroalimentar, de 8 a 10 de junho, para mais informa\u00e7\u00f5es, visita o site da feira.","og_url":"https:\/\/radarprocess.com\/pt-pt\/o-radar-process-participa-pela-primeira-vez-na-cfia-de-8-a-10-de-junho-em-rennes-franca\/","og_site_name":"Processo de radar","article_published_time":"2022-04-05T13:42:05+00:00","og_image":[{"width":1500,"height":908,"url":"https:\/\/radarprocess.com\/wp-content\/uploads\/2020\/02\/cfia.jpg","type":"image\/jpeg"}],"author":"neorg_US","twitter_card":"summary_large_image","twitter_misc":{"Escrito por":"neorg_US"},"schema":{"@context":"https:\/\/schema.org","@graph":[{"@type":"Article","@id":"https:\/\/radarprocess.com\/pt-pt\/o-radar-process-participa-pela-primeira-vez-na-cfia-de-8-a-10-de-junho-em-rennes-franca\/#article","isPartOf":{"@id":"https:\/\/radarprocess.com\/pt-pt\/o-radar-process-participa-pela-primeira-vez-na-cfia-de-8-a-10-de-junho-em-rennes-franca\/"},"author":{"name":"neorg_US","@id":"https:\/\/radarprocess.com\/#\/schema\/person\/765ef37ac377a8fa32ec58773e099de3"},"headline":"O Radar Process participa pela primeira vez na Cfia, de 8 a 10 de junho, em Rennes, Fran\u00e7a.","datePublished":"2022-04-05T13:42:05+00:00","mainEntityOfPage":{"@id":"https:\/\/radarprocess.com\/pt-pt\/o-radar-process-participa-pela-primeira-vez-na-cfia-de-8-a-10-de-junho-em-rennes-franca\/"},"wordCount":64,"commentCount":0,"publisher":{"@id":"https:\/\/radarprocess.com\/#organization"},"image":{"@id":"https:\/\/radarprocess.com\/pt-pt\/o-radar-process-participa-pela-primeira-vez-na-cfia-de-8-a-10-de-junho-em-rennes-franca\/#primaryimage"},"thumbnailUrl":"https:\/\/radarprocess.com\/wp-content\/uploads\/2020\/02\/cfia.jpg","inLanguage":"pt-PT","potentialAction":[{"@type":"CommentAction","name":"Comment","target":["https:\/\/radarprocess.com\/pt-pt\/o-radar-process-participa-pela-primeira-vez-na-cfia-de-8-a-10-de-junho-em-rennes-franca\/#respond"]}]},{"@type":"WebPage","@id":"https:\/\/radarprocess.com\/pt-pt\/o-radar-process-participa-pela-primeira-vez-na-cfia-de-8-a-10-de-junho-em-rennes-franca\/","url":"https:\/\/radarprocess.com\/pt-pt\/o-radar-process-participa-pela-primeira-vez-na-cfia-de-8-a-10-de-junho-em-rennes-franca\/","name":"O Radar Process participa pela primeira vez na Cfia, de 8 a 10 de junho, em Rennes, Fran\u00e7a. | Processo de radar% Processo de radar | Processo de radar%","isPartOf":{"@id":"https:\/\/radarprocess.com\/#website"},"primaryImageOfPage":{"@id":"https:\/\/radarprocess.com\/pt-pt\/o-radar-process-participa-pela-primeira-vez-na-cfia-de-8-a-10-de-junho-em-rennes-franca\/#primaryimage"},"image":{"@id":"https:\/\/radarprocess.com\/pt-pt\/o-radar-process-participa-pela-primeira-vez-na-cfia-de-8-a-10-de-junho-em-rennes-franca\/#primaryimage"},"thumbnailUrl":"https:\/\/radarprocess.com\/wp-content\/uploads\/2020\/02\/cfia.jpg","datePublished":"2022-04-05T13:42:05+00:00","description":"Estaremos presentes na feira da ind\u00fastria agroalimentar, de 8 a 10 de junho, para mais informa\u00e7\u00f5es, visita o site da feira.","breadcrumb":{"@id":"https:\/\/radarprocess.com\/pt-pt\/o-radar-process-participa-pela-primeira-vez-na-cfia-de-8-a-10-de-junho-em-rennes-franca\/#breadcrumb"},"inLanguage":"pt-PT","potentialAction":[{"@type":"ReadAction","target":["https:\/\/radarprocess.com\/pt-pt\/o-radar-process-participa-pela-primeira-vez-na-cfia-de-8-a-10-de-junho-em-rennes-franca\/"]}]},{"@type":"ImageObject","inLanguage":"pt-PT","@id":"https:\/\/radarprocess.com\/pt-pt\/o-radar-process-participa-pela-primeira-vez-na-cfia-de-8-a-10-de-junho-em-rennes-franca\/#primaryimage","url":"https:\/\/radarprocess.com\/wp-content\/uploads\/2020\/02\/cfia.jpg","contentUrl":"https:\/\/radarprocess.com\/wp-content\/uploads\/2020\/02\/cfia.jpg","width":1500,"height":908,"caption":"Cfia del 8 al 10 de Junio en Rennes, Francia"},{"@type":"BreadcrumbList","@id":"https:\/\/radarprocess.com\/pt-pt\/o-radar-process-participa-pela-primeira-vez-na-cfia-de-8-a-10-de-junho-em-rennes-franca\/#breadcrumb","itemListElement":[{"@type":"ListItem","position":1,"name":"P\u00e1gina inicial","item":"https:\/\/radarprocess.com\/pt-pt\/casa\/"},{"@type":"ListItem","position":2,"name":"O Radar Process participa pela primeira vez na Cfia, de 8 a 10 de junho, em Rennes, Fran\u00e7a."}]},{"@type":"WebSite","@id":"https:\/\/radarprocess.com\/#website","url":"https:\/\/radarprocess.com\/","name":"Processo de radar","description":"Transporte pneum\u00e1tico, dosagem de s\u00f3lidos e silos de armazenamento","publisher":{"@id":"https:\/\/radarprocess.com\/#organization"},"alternateName":"Radar Process","potentialAction":[{"@type":"SearchAction","target":{"@type":"EntryPoint","urlTemplate":"https:\/\/radarprocess.com\/?s={search_term_string}"},"query-input":{"@type":"PropertyValueSpecification","valueRequired":true,"valueName":"search_term_string"}}],"inLanguage":"pt-PT"},{"@type":"Organization","@id":"https:\/\/radarprocess.com\/#organization","name":"Processo de radar","alternateName":"Processo de radar","url":"https:\/\/radarprocess.com\/","logo":{"@type":"ImageObject","inLanguage":"pt-PT","@id":"https:\/\/radarprocess.com\/#\/schema\/logo\/image\/","url":"https:\/\/radarprocess.com\/wp-content\/uploads\/2021\/11\/logo-1.jpg","contentUrl":"https:\/\/radarprocess.com\/wp-content\/uploads\/2021\/11\/logo-1.jpg","width":330,"height":96,"caption":"Processo de radar"},"image":{"@id":"https:\/\/radarprocess.com\/#\/schema\/logo\/image\/"},"sameAs":["https:\/\/www.linkedin.com\/company\/radar-process-sl\/"]},{"@type":"Person","@id":"https:\/\/radarprocess.com\/#\/schema\/person\/765ef37ac377a8fa32ec58773e099de3","name":"neorg_US","image":{"@type":"ImageObject","inLanguage":"pt-PT","@id":"https:\/\/radarprocess.com\/#\/schema\/person\/image\/","url":"https:\/\/secure.gravatar.com\/avatar\/b63926e9b9d0dcf698d6148e42ad55d32fd25573ca6e03571bddf984706f7428?s=96&d=mm&r=g","contentUrl":"https:\/\/secure.gravatar.com\/avatar\/b63926e9b9d0dcf698d6148e42ad55d32fd25573ca6e03571bddf984706f7428?s=96&d=mm&r=g","caption":"neorg_US"},"sameAs":["https:\/\/radarprocess.com\/"]}]}},"_links":{"self":[{"href":"https:\/\/radarprocess.com\/pt-pt\/wp-json\/wp\/v2\/posts\/5209","targetHints":{"allow":["GET"]}}],"collection":[{"href":"https:\/\/radarprocess.com\/pt-pt\/wp-json\/wp\/v2\/posts"}],"about":[{"href":"https:\/\/radarprocess.com\/pt-pt\/wp-json\/wp\/v2\/types\/post"}],"author":[{"embeddable":true,"href":"https:\/\/radarprocess.com\/pt-pt\/wp-json\/wp\/v2\/users\/1"}],"replies":[{"embeddable":true,"href":"https:\/\/radarprocess.com\/pt-pt\/wp-json\/wp\/v2\/comments?post=5209"}],"version-history":[{"count":0,"href":"https:\/\/radarprocess.com\/pt-pt\/wp-json\/wp\/v2\/posts\/5209\/revisions"}],"wp:featuredmedia":[{"embeddable":true,"href":"https:\/\/radarprocess.com\/pt-pt\/wp-json\/wp\/v2\/media\/5210"}],"wp:attachment":[{"href":"https:\/\/radarprocess.com\/pt-pt\/wp-json\/wp\/v2\/media?parent=5209"}],"wp:term":[{"taxonomy":"category","embeddable":true,"href":"https:\/\/radarprocess.com\/pt-pt\/wp-json\/wp\/v2\/categories?post=5209"},{"taxonomy":"post_tag","embeddable":true,"href":"https:\/\/radarprocess.com\/pt-pt\/wp-json\/wp\/v2\/tags?post=5209"}],"curies":[{"name":"wp","href":"https:\/\/api.w.org\/{rel}","templated":true}]}}