{"id":5211,"date":"2021-03-29T13:41:52","date_gmt":"2021-03-29T11:41:52","guid":{"rendered":"https:\/\/radarprocess.com\/calculamos-a-nossa-pegada-de-carbono\/"},"modified":"2021-03-29T13:41:52","modified_gmt":"2021-03-29T11:41:52","slug":"calculamos-a-nossa-pegada-de-carbono","status":"publish","type":"post","link":"https:\/\/radarprocess.com\/pt-pt\/calculamos-a-nossa-pegada-de-carbono\/","title":{"rendered":"Calcul\u00e1mos a nossa pegada de carbono"},"content":{"rendered":"<p>RADAR PROCESS RECEBE CERTIFICADO DE MEDI\u00c7\u00c3O DA PEGADA DE CARBONO<\/p>\n<p><a tabindex=\"-1\" href=\"https:\/\/www.linkedin.com\/company\/radar-process-sl\/\" data-attribute-index=\"1\" data-entity-hovercard-id=\"urn:li:fs_miniCompany:2245939\" data-entity-type=\"MINI_COMPANY\" aria-expanded=\"false\" aria-controls=\"undefined\">A Radar Process<\/a> foi certificada como tendo calculado as emiss\u00f5es de gases com efeito de estufa (GEE) geradas pela sua atividade durante o ano de 2020, de acordo com as normas da iniciativa ZeroCO2.<\/p>\n<p>Medimos a nossa Pegada de Carbono com o objetivo de identificar oportunidades para reduzir as nossas emiss\u00f5es e juntarmo-nos \u00e0 luta contra as altera\u00e7\u00f5es clim\u00e1ticas.<\/p>\n","protected":false},"excerpt":{"rendered":"<p>RADAR PROCESS RECEBE CERTIFICADO DE MEDI\u00c7\u00c3O DA PEGADA DE CARBONO A Radar Process foi certificada como tendo calculado as emiss\u00f5es de gases com efeito de estufa (GEE) geradas pela sua atividade durante o ano de 2020, de acordo com as normas da iniciativa ZeroCO2. Medimos a nossa Pegada de Carbono com o objetivo de identificar&hellip;&nbsp;<a href=\"https:\/\/radarprocess.com\/pt-pt\/calculamos-a-nossa-pegada-de-carbono\/\" rel=\"bookmark\"><span class=\"screen-reader-text\">Calcul\u00e1mos a nossa pegada de carbono<\/span><\/a><\/p>\n","protected":false},"author":1,"featured_media":5212,"comment_status":"open","ping_status":"open","sticky":false,"template":"","format":"standard","meta":{"_acf_changed":false,"neve_meta_sidebar":"","neve_meta_container":"","neve_meta_enable_content_width":"off","neve_meta_content_width":70,"neve_meta_title_alignment":"","neve_meta_author_avatar":"","neve_post_elements_order":"","neve_meta_disable_header":"","neve_meta_disable_footer":"","neve_meta_disable_title":"","footnotes":""},"categories":[31],"tags":[],"class_list":["post-5211","post","type-post","status-publish","format-standard","has-post-thumbnail","hentry","category-sem-categoria"],"acf":[],"yoast_head":"<!-- This site is optimized with the Yoast SEO plugin v26.9 - https:\/\/yoast.com\/product\/yoast-seo-wordpress\/ -->\n<title>Calcul\u00e1mos a nossa pegada de carbono | Processo de radar% Processo de radar | Processo de radar%<\/title>\n<meta name=\"description\" content=\"O Radar Process foi certificado como tendo calculado as emiss\u00f5es de gases com efeito de estufa geradas pela sua atividade em 2020.\" \/>\n<meta name=\"robots\" content=\"index, follow, max-snippet:-1, max-image-preview:large, max-video-preview:-1\" \/>\n<link rel=\"canonical\" href=\"https:\/\/radarprocess.com\/pt-pt\/calculamos-a-nossa-pegada-de-carbono\/\" \/>\n<meta property=\"og:locale\" content=\"pt_PT\" \/>\n<meta property=\"og:type\" content=\"article\" \/>\n<meta property=\"og:title\" content=\"Calcul\u00e1mos a nossa pegada de carbono | Processo de radar% Processo de radar | Processo de radar%\" \/>\n<meta property=\"og:description\" content=\"O Radar Process foi certificado como tendo calculado as emiss\u00f5es de gases com efeito de estufa geradas pela sua atividade em 2020.\" \/>\n<meta property=\"og:url\" content=\"https:\/\/radarprocess.com\/pt-pt\/calculamos-a-nossa-pegada-de-carbono\/\" \/>\n<meta property=\"og:site_name\" content=\"Processo de radar\" \/>\n<meta property=\"article:published_time\" content=\"2021-03-29T11:41:52+00:00\" \/>\n<meta property=\"og:image\" content=\"https:\/\/radarprocess.com\/wp-content\/uploads\/2021\/10\/huella.jpg\" \/>\n\t<meta property=\"og:image:width\" content=\"1576\" \/>\n\t<meta property=\"og:image:height\" content=\"519\" \/>\n\t<meta property=\"og:image:type\" content=\"image\/jpeg\" \/>\n<meta name=\"author\" content=\"neorg_US\" \/>\n<meta name=\"twitter:card\" content=\"summary_large_image\" \/>\n<meta name=\"twitter:label1\" content=\"Escrito por\" \/>\n\t<meta name=\"twitter:data1\" content=\"neorg_US\" \/>\n<script type=\"application\/ld+json\" class=\"yoast-schema-graph\">{\"@context\":\"https:\/\/schema.org\",\"@graph\":[{\"@type\":\"Article\",\"@id\":\"https:\/\/radarprocess.com\/pt-pt\/calculamos-a-nossa-pegada-de-carbono\/#article\",\"isPartOf\":{\"@id\":\"https:\/\/radarprocess.com\/pt-pt\/calculamos-a-nossa-pegada-de-carbono\/\"},\"author\":{\"name\":\"neorg_US\",\"@id\":\"https:\/\/radarprocess.com\/#\/schema\/person\/765ef37ac377a8fa32ec58773e099de3\"},\"headline\":\"Calcul\u00e1mos a nossa pegada de carbono\",\"datePublished\":\"2021-03-29T11:41:52+00:00\",\"mainEntityOfPage\":{\"@id\":\"https:\/\/radarprocess.com\/pt-pt\/calculamos-a-nossa-pegada-de-carbono\/\"},\"wordCount\":79,\"commentCount\":0,\"publisher\":{\"@id\":\"https:\/\/radarprocess.com\/#organization\"},\"image\":{\"@id\":\"https:\/\/radarprocess.com\/pt-pt\/calculamos-a-nossa-pegada-de-carbono\/#primaryimage\"},\"thumbnailUrl\":\"https:\/\/radarprocess.com\/wp-content\/uploads\/2021\/10\/huella.jpg\",\"inLanguage\":\"pt-PT\",\"potentialAction\":[{\"@type\":\"CommentAction\",\"name\":\"Comment\",\"target\":[\"https:\/\/radarprocess.com\/pt-pt\/calculamos-a-nossa-pegada-de-carbono\/#respond\"]}]},{\"@type\":\"WebPage\",\"@id\":\"https:\/\/radarprocess.com\/pt-pt\/calculamos-a-nossa-pegada-de-carbono\/\",\"url\":\"https:\/\/radarprocess.com\/pt-pt\/calculamos-a-nossa-pegada-de-carbono\/\",\"name\":\"Calcul\u00e1mos a nossa pegada de carbono | Processo de radar% Processo de radar | Processo de radar%\",\"isPartOf\":{\"@id\":\"https:\/\/radarprocess.com\/#website\"},\"primaryImageOfPage\":{\"@id\":\"https:\/\/radarprocess.com\/pt-pt\/calculamos-a-nossa-pegada-de-carbono\/#primaryimage\"},\"image\":{\"@id\":\"https:\/\/radarprocess.com\/pt-pt\/calculamos-a-nossa-pegada-de-carbono\/#primaryimage\"},\"thumbnailUrl\":\"https:\/\/radarprocess.com\/wp-content\/uploads\/2021\/10\/huella.jpg\",\"datePublished\":\"2021-03-29T11:41:52+00:00\",\"description\":\"O Radar Process foi certificado como tendo calculado as emiss\u00f5es de gases com efeito de estufa geradas pela sua atividade em 2020.\",\"breadcrumb\":{\"@id\":\"https:\/\/radarprocess.com\/pt-pt\/calculamos-a-nossa-pegada-de-carbono\/#breadcrumb\"},\"inLanguage\":\"pt-PT\",\"potentialAction\":[{\"@type\":\"ReadAction\",\"target\":[\"https:\/\/radarprocess.com\/pt-pt\/calculamos-a-nossa-pegada-de-carbono\/\"]}]},{\"@type\":\"ImageObject\",\"inLanguage\":\"pt-PT\",\"@id\":\"https:\/\/radarprocess.com\/pt-pt\/calculamos-a-nossa-pegada-de-carbono\/#primaryimage\",\"url\":\"https:\/\/radarprocess.com\/wp-content\/uploads\/2021\/10\/huella.jpg\",\"contentUrl\":\"https:\/\/radarprocess.com\/wp-content\/uploads\/2021\/10\/huella.jpg\",\"width\":1576,\"height\":519,\"caption\":\"huella de carbono radar process\"},{\"@type\":\"BreadcrumbList\",\"@id\":\"https:\/\/radarprocess.com\/pt-pt\/calculamos-a-nossa-pegada-de-carbono\/#breadcrumb\",\"itemListElement\":[{\"@type\":\"ListItem\",\"position\":1,\"name\":\"P\u00e1gina inicial\",\"item\":\"https:\/\/radarprocess.com\/pt-pt\/casa\/\"},{\"@type\":\"ListItem\",\"position\":2,\"name\":\"Calcul\u00e1mos a nossa pegada de carbono\"}]},{\"@type\":\"WebSite\",\"@id\":\"https:\/\/radarprocess.com\/#website\",\"url\":\"https:\/\/radarprocess.com\/\",\"name\":\"Processo de radar\",\"description\":\"Transporte pneum\u00e1tico, dosagem de s\u00f3lidos e silos de armazenamento\",\"publisher\":{\"@id\":\"https:\/\/radarprocess.com\/#organization\"},\"alternateName\":\"Radar Process\",\"potentialAction\":[{\"@type\":\"SearchAction\",\"target\":{\"@type\":\"EntryPoint\",\"urlTemplate\":\"https:\/\/radarprocess.com\/?s={search_term_string}\"},\"query-input\":{\"@type\":\"PropertyValueSpecification\",\"valueRequired\":true,\"valueName\":\"search_term_string\"}}],\"inLanguage\":\"pt-PT\"},{\"@type\":\"Organization\",\"@id\":\"https:\/\/radarprocess.com\/#organization\",\"name\":\"Processo de radar\",\"alternateName\":\"Processo de radar\",\"url\":\"https:\/\/radarprocess.com\/\",\"logo\":{\"@type\":\"ImageObject\",\"inLanguage\":\"pt-PT\",\"@id\":\"https:\/\/radarprocess.com\/#\/schema\/logo\/image\/\",\"url\":\"https:\/\/radarprocess.com\/wp-content\/uploads\/2021\/11\/logo-1.jpg\",\"contentUrl\":\"https:\/\/radarprocess.com\/wp-content\/uploads\/2021\/11\/logo-1.jpg\",\"width\":330,\"height\":96,\"caption\":\"Processo de radar\"},\"image\":{\"@id\":\"https:\/\/radarprocess.com\/#\/schema\/logo\/image\/\"},\"sameAs\":[\"https:\/\/www.linkedin.com\/company\/radar-process-sl\/\"]},{\"@type\":\"Person\",\"@id\":\"https:\/\/radarprocess.com\/#\/schema\/person\/765ef37ac377a8fa32ec58773e099de3\",\"name\":\"neorg_US\",\"image\":{\"@type\":\"ImageObject\",\"inLanguage\":\"pt-PT\",\"@id\":\"https:\/\/radarprocess.com\/#\/schema\/person\/image\/\",\"url\":\"https:\/\/secure.gravatar.com\/avatar\/b63926e9b9d0dcf698d6148e42ad55d32fd25573ca6e03571bddf984706f7428?s=96&d=mm&r=g\",\"contentUrl\":\"https:\/\/secure.gravatar.com\/avatar\/b63926e9b9d0dcf698d6148e42ad55d32fd25573ca6e03571bddf984706f7428?s=96&d=mm&r=g\",\"caption\":\"neorg_US\"},\"sameAs\":[\"https:\/\/radarprocess.com\/\"]}]}<\/script>\n<!-- \/ Yoast SEO plugin. -->","yoast_head_json":{"title":"Calcul\u00e1mos a nossa pegada de carbono | Processo de radar% Processo de radar | Processo de radar%","description":"O Radar Process foi certificado como tendo calculado as emiss\u00f5es de gases com efeito de estufa geradas pela sua atividade em 2020.","robots":{"index":"index","follow":"follow","max-snippet":"max-snippet:-1","max-image-preview":"max-image-preview:large","max-video-preview":"max-video-preview:-1"},"canonical":"https:\/\/radarprocess.com\/pt-pt\/calculamos-a-nossa-pegada-de-carbono\/","og_locale":"pt_PT","og_type":"article","og_title":"Calcul\u00e1mos a nossa pegada de carbono | Processo de radar% Processo de radar | Processo de radar%","og_description":"O Radar Process foi certificado como tendo calculado as emiss\u00f5es de gases com efeito de estufa geradas pela sua atividade em 2020.","og_url":"https:\/\/radarprocess.com\/pt-pt\/calculamos-a-nossa-pegada-de-carbono\/","og_site_name":"Processo de radar","article_published_time":"2021-03-29T11:41:52+00:00","og_image":[{"width":1576,"height":519,"url":"https:\/\/radarprocess.com\/wp-content\/uploads\/2021\/10\/huella.jpg","type":"image\/jpeg"}],"author":"neorg_US","twitter_card":"summary_large_image","twitter_misc":{"Escrito por":"neorg_US"},"schema":{"@context":"https:\/\/schema.org","@graph":[{"@type":"Article","@id":"https:\/\/radarprocess.com\/pt-pt\/calculamos-a-nossa-pegada-de-carbono\/#article","isPartOf":{"@id":"https:\/\/radarprocess.com\/pt-pt\/calculamos-a-nossa-pegada-de-carbono\/"},"author":{"name":"neorg_US","@id":"https:\/\/radarprocess.com\/#\/schema\/person\/765ef37ac377a8fa32ec58773e099de3"},"headline":"Calcul\u00e1mos a nossa pegada de carbono","datePublished":"2021-03-29T11:41:52+00:00","mainEntityOfPage":{"@id":"https:\/\/radarprocess.com\/pt-pt\/calculamos-a-nossa-pegada-de-carbono\/"},"wordCount":79,"commentCount":0,"publisher":{"@id":"https:\/\/radarprocess.com\/#organization"},"image":{"@id":"https:\/\/radarprocess.com\/pt-pt\/calculamos-a-nossa-pegada-de-carbono\/#primaryimage"},"thumbnailUrl":"https:\/\/radarprocess.com\/wp-content\/uploads\/2021\/10\/huella.jpg","inLanguage":"pt-PT","potentialAction":[{"@type":"CommentAction","name":"Comment","target":["https:\/\/radarprocess.com\/pt-pt\/calculamos-a-nossa-pegada-de-carbono\/#respond"]}]},{"@type":"WebPage","@id":"https:\/\/radarprocess.com\/pt-pt\/calculamos-a-nossa-pegada-de-carbono\/","url":"https:\/\/radarprocess.com\/pt-pt\/calculamos-a-nossa-pegada-de-carbono\/","name":"Calcul\u00e1mos a nossa pegada de carbono | Processo de radar% Processo de radar | Processo de radar%","isPartOf":{"@id":"https:\/\/radarprocess.com\/#website"},"primaryImageOfPage":{"@id":"https:\/\/radarprocess.com\/pt-pt\/calculamos-a-nossa-pegada-de-carbono\/#primaryimage"},"image":{"@id":"https:\/\/radarprocess.com\/pt-pt\/calculamos-a-nossa-pegada-de-carbono\/#primaryimage"},"thumbnailUrl":"https:\/\/radarprocess.com\/wp-content\/uploads\/2021\/10\/huella.jpg","datePublished":"2021-03-29T11:41:52+00:00","description":"O Radar Process foi certificado como tendo calculado as emiss\u00f5es de gases com efeito de estufa geradas pela sua atividade em 2020.","breadcrumb":{"@id":"https:\/\/radarprocess.com\/pt-pt\/calculamos-a-nossa-pegada-de-carbono\/#breadcrumb"},"inLanguage":"pt-PT","potentialAction":[{"@type":"ReadAction","target":["https:\/\/radarprocess.com\/pt-pt\/calculamos-a-nossa-pegada-de-carbono\/"]}]},{"@type":"ImageObject","inLanguage":"pt-PT","@id":"https:\/\/radarprocess.com\/pt-pt\/calculamos-a-nossa-pegada-de-carbono\/#primaryimage","url":"https:\/\/radarprocess.com\/wp-content\/uploads\/2021\/10\/huella.jpg","contentUrl":"https:\/\/radarprocess.com\/wp-content\/uploads\/2021\/10\/huella.jpg","width":1576,"height":519,"caption":"huella de carbono radar process"},{"@type":"BreadcrumbList","@id":"https:\/\/radarprocess.com\/pt-pt\/calculamos-a-nossa-pegada-de-carbono\/#breadcrumb","itemListElement":[{"@type":"ListItem","position":1,"name":"P\u00e1gina inicial","item":"https:\/\/radarprocess.com\/pt-pt\/casa\/"},{"@type":"ListItem","position":2,"name":"Calcul\u00e1mos a nossa pegada de carbono"}]},{"@type":"WebSite","@id":"https:\/\/radarprocess.com\/#website","url":"https:\/\/radarprocess.com\/","name":"Processo de radar","description":"Transporte pneum\u00e1tico, dosagem de s\u00f3lidos e silos de armazenamento","publisher":{"@id":"https:\/\/radarprocess.com\/#organization"},"alternateName":"Radar Process","potentialAction":[{"@type":"SearchAction","target":{"@type":"EntryPoint","urlTemplate":"https:\/\/radarprocess.com\/?s={search_term_string}"},"query-input":{"@type":"PropertyValueSpecification","valueRequired":true,"valueName":"search_term_string"}}],"inLanguage":"pt-PT"},{"@type":"Organization","@id":"https:\/\/radarprocess.com\/#organization","name":"Processo de radar","alternateName":"Processo de radar","url":"https:\/\/radarprocess.com\/","logo":{"@type":"ImageObject","inLanguage":"pt-PT","@id":"https:\/\/radarprocess.com\/#\/schema\/logo\/image\/","url":"https:\/\/radarprocess.com\/wp-content\/uploads\/2021\/11\/logo-1.jpg","contentUrl":"https:\/\/radarprocess.com\/wp-content\/uploads\/2021\/11\/logo-1.jpg","width":330,"height":96,"caption":"Processo de radar"},"image":{"@id":"https:\/\/radarprocess.com\/#\/schema\/logo\/image\/"},"sameAs":["https:\/\/www.linkedin.com\/company\/radar-process-sl\/"]},{"@type":"Person","@id":"https:\/\/radarprocess.com\/#\/schema\/person\/765ef37ac377a8fa32ec58773e099de3","name":"neorg_US","image":{"@type":"ImageObject","inLanguage":"pt-PT","@id":"https:\/\/radarprocess.com\/#\/schema\/person\/image\/","url":"https:\/\/secure.gravatar.com\/avatar\/b63926e9b9d0dcf698d6148e42ad55d32fd25573ca6e03571bddf984706f7428?s=96&d=mm&r=g","contentUrl":"https:\/\/secure.gravatar.com\/avatar\/b63926e9b9d0dcf698d6148e42ad55d32fd25573ca6e03571bddf984706f7428?s=96&d=mm&r=g","caption":"neorg_US"},"sameAs":["https:\/\/radarprocess.com\/"]}]}},"_links":{"self":[{"href":"https:\/\/radarprocess.com\/pt-pt\/wp-json\/wp\/v2\/posts\/5211","targetHints":{"allow":["GET"]}}],"collection":[{"href":"https:\/\/radarprocess.com\/pt-pt\/wp-json\/wp\/v2\/posts"}],"about":[{"href":"https:\/\/radarprocess.com\/pt-pt\/wp-json\/wp\/v2\/types\/post"}],"author":[{"embeddable":true,"href":"https:\/\/radarprocess.com\/pt-pt\/wp-json\/wp\/v2\/users\/1"}],"replies":[{"embeddable":true,"href":"https:\/\/radarprocess.com\/pt-pt\/wp-json\/wp\/v2\/comments?post=5211"}],"version-history":[{"count":0,"href":"https:\/\/radarprocess.com\/pt-pt\/wp-json\/wp\/v2\/posts\/5211\/revisions"}],"wp:featuredmedia":[{"embeddable":true,"href":"https:\/\/radarprocess.com\/pt-pt\/wp-json\/wp\/v2\/media\/5212"}],"wp:attachment":[{"href":"https:\/\/radarprocess.com\/pt-pt\/wp-json\/wp\/v2\/media?parent=5211"}],"wp:term":[{"taxonomy":"category","embeddable":true,"href":"https:\/\/radarprocess.com\/pt-pt\/wp-json\/wp\/v2\/categories?post=5211"},{"taxonomy":"post_tag","embeddable":true,"href":"https:\/\/radarprocess.com\/pt-pt\/wp-json\/wp\/v2\/tags?post=5211"}],"curies":[{"name":"wp","href":"https:\/\/api.w.org\/{rel}","templated":true}]}}