{"id":5217,"date":"2021-09-10T13:41:48","date_gmt":"2021-09-10T11:41:48","guid":{"rendered":"https:\/\/radarprocess.com\/radar-process-participa-na-conferencia-cipi-a-9-de-novembro\/"},"modified":"2021-09-10T13:41:48","modified_gmt":"2021-09-10T11:41:48","slug":"radar-process-participa-na-conferencia-cipi-a-9-de-novembro","status":"publish","type":"post","link":"https:\/\/radarprocess.com\/pt-pt\/radar-process-participa-na-conferencia-cipi-a-9-de-novembro\/","title":{"rendered":"Radar Process participa na confer\u00eancia CIPI a 9 de novembro"},"content":{"rendered":"<p>PARTICIPAMOS NO CONGRESSO IBERO-AMERICANO DE TECNOLOGIA DE PROCESSOS INDUSTRIAIS.<\/p>\n<p>No pr\u00f3ximo dia 9 de novembro <a href=\"https:\/\/www.linkedin.com\/company\/radar-process-sl\/\" data-attribute-index=\"0\" data-entity-hovercard-id=\"urn:li:fs_miniCompany:2245939\" data-entity-type=\"MINI_COMPANY\">a Radar Process<\/a> colabora na palestra sobre &#8220;Instala\u00e7\u00f5es e equipamentos seguros para o processamento de s\u00f3lidos com risco de explos\u00e3o&#8221; no \u00e2mbito do Congresso Ibero-Americano de Tecnologia de Processos Industriais.<\/p>\n","protected":false},"excerpt":{"rendered":"<p>PARTICIPAMOS NO CONGRESSO IBERO-AMERICANO DE TECNOLOGIA DE PROCESSOS INDUSTRIAIS. No pr\u00f3ximo dia 9 de novembro a Radar Process colabora na palestra sobre &#8220;Instala\u00e7\u00f5es e equipamentos seguros para o processamento de s\u00f3lidos com risco de explos\u00e3o&#8221; no \u00e2mbito do Congresso Ibero-Americano de Tecnologia de Processos Industriais.<\/p>\n","protected":false},"author":1,"featured_media":5218,"comment_status":"open","ping_status":"open","sticky":false,"template":"","format":"standard","meta":{"_acf_changed":false,"neve_meta_sidebar":"","neve_meta_container":"","neve_meta_enable_content_width":"off","neve_meta_content_width":70,"neve_meta_title_alignment":"","neve_meta_author_avatar":"","neve_post_elements_order":"","neve_meta_disable_header":"","neve_meta_disable_footer":"","neve_meta_disable_title":"","footnotes":""},"categories":[31],"tags":[],"class_list":["post-5217","post","type-post","status-publish","format-standard","has-post-thumbnail","hentry","category-sem-categoria"],"acf":[],"yoast_head":"<!-- This site is optimized with the Yoast SEO plugin v26.9 - https:\/\/yoast.com\/product\/yoast-seo-wordpress\/ -->\n<title>Radar Process participa na confer\u00eancia CIPI a 9 de novembro | Processo de radar% Processo de radar | Processo de radar%<\/title>\n<meta name=\"description\" content=\"A Radar Process colabora na palestra sobre &quot;Instala\u00e7\u00f5es e equipamentos seguros para o processamento de s\u00f3lidos explosivos&quot;.\" \/>\n<meta name=\"robots\" content=\"index, follow, max-snippet:-1, max-image-preview:large, max-video-preview:-1\" \/>\n<link rel=\"canonical\" href=\"https:\/\/radarprocess.com\/pt-pt\/radar-process-participa-na-conferencia-cipi-a-9-de-novembro\/\" \/>\n<meta property=\"og:locale\" content=\"pt_PT\" \/>\n<meta property=\"og:type\" content=\"article\" \/>\n<meta property=\"og:title\" content=\"Radar Process participa na confer\u00eancia CIPI a 9 de novembro | Processo de radar% Processo de radar | Processo de radar%\" \/>\n<meta property=\"og:description\" content=\"A Radar Process colabora na palestra sobre &quot;Instala\u00e7\u00f5es e equipamentos seguros para o processamento de s\u00f3lidos explosivos&quot;.\" \/>\n<meta property=\"og:url\" content=\"https:\/\/radarprocess.com\/pt-pt\/radar-process-participa-na-conferencia-cipi-a-9-de-novembro\/\" \/>\n<meta property=\"og:site_name\" content=\"Processo de radar\" \/>\n<meta property=\"article:published_time\" content=\"2021-09-10T11:41:48+00:00\" \/>\n<meta property=\"og:image\" content=\"https:\/\/radarprocess.com\/wp-content\/uploads\/2021\/11\/bg_web.jpg\" \/>\n\t<meta property=\"og:image:width\" content=\"1920\" \/>\n\t<meta property=\"og:image:height\" content=\"1080\" \/>\n\t<meta property=\"og:image:type\" content=\"image\/jpeg\" \/>\n<meta name=\"author\" content=\"neorg_US\" \/>\n<meta name=\"twitter:card\" content=\"summary_large_image\" \/>\n<meta name=\"twitter:label1\" content=\"Escrito por\" \/>\n\t<meta name=\"twitter:data1\" content=\"neorg_US\" \/>\n<script type=\"application\/ld+json\" class=\"yoast-schema-graph\">{\"@context\":\"https:\/\/schema.org\",\"@graph\":[{\"@type\":\"Article\",\"@id\":\"https:\/\/radarprocess.com\/pt-pt\/radar-process-participa-na-conferencia-cipi-a-9-de-novembro\/#article\",\"isPartOf\":{\"@id\":\"https:\/\/radarprocess.com\/pt-pt\/radar-process-participa-na-conferencia-cipi-a-9-de-novembro\/\"},\"author\":{\"name\":\"neorg_US\",\"@id\":\"https:\/\/radarprocess.com\/#\/schema\/person\/765ef37ac377a8fa32ec58773e099de3\"},\"headline\":\"Radar Process participa na confer\u00eancia CIPI a 9 de novembro\",\"datePublished\":\"2021-09-10T11:41:48+00:00\",\"mainEntityOfPage\":{\"@id\":\"https:\/\/radarprocess.com\/pt-pt\/radar-process-participa-na-conferencia-cipi-a-9-de-novembro\/\"},\"wordCount\":58,\"commentCount\":0,\"publisher\":{\"@id\":\"https:\/\/radarprocess.com\/#organization\"},\"image\":{\"@id\":\"https:\/\/radarprocess.com\/pt-pt\/radar-process-participa-na-conferencia-cipi-a-9-de-novembro\/#primaryimage\"},\"thumbnailUrl\":\"https:\/\/radarprocess.com\/wp-content\/uploads\/2021\/11\/bg_web.jpg\",\"inLanguage\":\"pt-PT\",\"potentialAction\":[{\"@type\":\"CommentAction\",\"name\":\"Comment\",\"target\":[\"https:\/\/radarprocess.com\/pt-pt\/radar-process-participa-na-conferencia-cipi-a-9-de-novembro\/#respond\"]}]},{\"@type\":\"WebPage\",\"@id\":\"https:\/\/radarprocess.com\/pt-pt\/radar-process-participa-na-conferencia-cipi-a-9-de-novembro\/\",\"url\":\"https:\/\/radarprocess.com\/pt-pt\/radar-process-participa-na-conferencia-cipi-a-9-de-novembro\/\",\"name\":\"Radar Process participa na confer\u00eancia CIPI a 9 de novembro | Processo de radar% Processo de radar | Processo de radar%\",\"isPartOf\":{\"@id\":\"https:\/\/radarprocess.com\/#website\"},\"primaryImageOfPage\":{\"@id\":\"https:\/\/radarprocess.com\/pt-pt\/radar-process-participa-na-conferencia-cipi-a-9-de-novembro\/#primaryimage\"},\"image\":{\"@id\":\"https:\/\/radarprocess.com\/pt-pt\/radar-process-participa-na-conferencia-cipi-a-9-de-novembro\/#primaryimage\"},\"thumbnailUrl\":\"https:\/\/radarprocess.com\/wp-content\/uploads\/2021\/11\/bg_web.jpg\",\"datePublished\":\"2021-09-10T11:41:48+00:00\",\"description\":\"A Radar Process colabora na palestra sobre \\\"Instala\u00e7\u00f5es e equipamentos seguros para o processamento de s\u00f3lidos explosivos\\\".\",\"breadcrumb\":{\"@id\":\"https:\/\/radarprocess.com\/pt-pt\/radar-process-participa-na-conferencia-cipi-a-9-de-novembro\/#breadcrumb\"},\"inLanguage\":\"pt-PT\",\"potentialAction\":[{\"@type\":\"ReadAction\",\"target\":[\"https:\/\/radarprocess.com\/pt-pt\/radar-process-participa-na-conferencia-cipi-a-9-de-novembro\/\"]}]},{\"@type\":\"ImageObject\",\"inLanguage\":\"pt-PT\",\"@id\":\"https:\/\/radarprocess.com\/pt-pt\/radar-process-participa-na-conferencia-cipi-a-9-de-novembro\/#primaryimage\",\"url\":\"https:\/\/radarprocess.com\/wp-content\/uploads\/2021\/11\/bg_web.jpg\",\"contentUrl\":\"https:\/\/radarprocess.com\/wp-content\/uploads\/2021\/11\/bg_web.jpg\",\"width\":1920,\"height\":1080,\"caption\":\"maquinaria industrial\"},{\"@type\":\"BreadcrumbList\",\"@id\":\"https:\/\/radarprocess.com\/pt-pt\/radar-process-participa-na-conferencia-cipi-a-9-de-novembro\/#breadcrumb\",\"itemListElement\":[{\"@type\":\"ListItem\",\"position\":1,\"name\":\"P\u00e1gina inicial\",\"item\":\"https:\/\/radarprocess.com\/pt-pt\/casa\/\"},{\"@type\":\"ListItem\",\"position\":2,\"name\":\"Radar Process participa na confer\u00eancia CIPI a 9 de novembro\"}]},{\"@type\":\"WebSite\",\"@id\":\"https:\/\/radarprocess.com\/#website\",\"url\":\"https:\/\/radarprocess.com\/\",\"name\":\"Processo de radar\",\"description\":\"Transporte pneum\u00e1tico, dosagem de s\u00f3lidos e silos de armazenamento\",\"publisher\":{\"@id\":\"https:\/\/radarprocess.com\/#organization\"},\"alternateName\":\"Radar Process\",\"potentialAction\":[{\"@type\":\"SearchAction\",\"target\":{\"@type\":\"EntryPoint\",\"urlTemplate\":\"https:\/\/radarprocess.com\/?s={search_term_string}\"},\"query-input\":{\"@type\":\"PropertyValueSpecification\",\"valueRequired\":true,\"valueName\":\"search_term_string\"}}],\"inLanguage\":\"pt-PT\"},{\"@type\":\"Organization\",\"@id\":\"https:\/\/radarprocess.com\/#organization\",\"name\":\"Processo de radar\",\"alternateName\":\"Processo de radar\",\"url\":\"https:\/\/radarprocess.com\/\",\"logo\":{\"@type\":\"ImageObject\",\"inLanguage\":\"pt-PT\",\"@id\":\"https:\/\/radarprocess.com\/#\/schema\/logo\/image\/\",\"url\":\"https:\/\/radarprocess.com\/wp-content\/uploads\/2021\/11\/logo-1.jpg\",\"contentUrl\":\"https:\/\/radarprocess.com\/wp-content\/uploads\/2021\/11\/logo-1.jpg\",\"width\":330,\"height\":96,\"caption\":\"Processo de radar\"},\"image\":{\"@id\":\"https:\/\/radarprocess.com\/#\/schema\/logo\/image\/\"},\"sameAs\":[\"https:\/\/www.linkedin.com\/company\/radar-process-sl\/\"]},{\"@type\":\"Person\",\"@id\":\"https:\/\/radarprocess.com\/#\/schema\/person\/765ef37ac377a8fa32ec58773e099de3\",\"name\":\"neorg_US\",\"image\":{\"@type\":\"ImageObject\",\"inLanguage\":\"pt-PT\",\"@id\":\"https:\/\/radarprocess.com\/#\/schema\/person\/image\/\",\"url\":\"https:\/\/secure.gravatar.com\/avatar\/b63926e9b9d0dcf698d6148e42ad55d32fd25573ca6e03571bddf984706f7428?s=96&d=mm&r=g\",\"contentUrl\":\"https:\/\/secure.gravatar.com\/avatar\/b63926e9b9d0dcf698d6148e42ad55d32fd25573ca6e03571bddf984706f7428?s=96&d=mm&r=g\",\"caption\":\"neorg_US\"},\"sameAs\":[\"https:\/\/radarprocess.com\/\"]}]}<\/script>\n<!-- \/ Yoast SEO plugin. -->","yoast_head_json":{"title":"Radar Process participa na confer\u00eancia CIPI a 9 de novembro | Processo de radar% Processo de radar | Processo de radar%","description":"A Radar Process colabora na palestra sobre \"Instala\u00e7\u00f5es e equipamentos seguros para o processamento de s\u00f3lidos explosivos\".","robots":{"index":"index","follow":"follow","max-snippet":"max-snippet:-1","max-image-preview":"max-image-preview:large","max-video-preview":"max-video-preview:-1"},"canonical":"https:\/\/radarprocess.com\/pt-pt\/radar-process-participa-na-conferencia-cipi-a-9-de-novembro\/","og_locale":"pt_PT","og_type":"article","og_title":"Radar Process participa na confer\u00eancia CIPI a 9 de novembro | Processo de radar% Processo de radar | Processo de radar%","og_description":"A Radar Process colabora na palestra sobre \"Instala\u00e7\u00f5es e equipamentos seguros para o processamento de s\u00f3lidos explosivos\".","og_url":"https:\/\/radarprocess.com\/pt-pt\/radar-process-participa-na-conferencia-cipi-a-9-de-novembro\/","og_site_name":"Processo de radar","article_published_time":"2021-09-10T11:41:48+00:00","og_image":[{"width":1920,"height":1080,"url":"https:\/\/radarprocess.com\/wp-content\/uploads\/2021\/11\/bg_web.jpg","type":"image\/jpeg"}],"author":"neorg_US","twitter_card":"summary_large_image","twitter_misc":{"Escrito por":"neorg_US"},"schema":{"@context":"https:\/\/schema.org","@graph":[{"@type":"Article","@id":"https:\/\/radarprocess.com\/pt-pt\/radar-process-participa-na-conferencia-cipi-a-9-de-novembro\/#article","isPartOf":{"@id":"https:\/\/radarprocess.com\/pt-pt\/radar-process-participa-na-conferencia-cipi-a-9-de-novembro\/"},"author":{"name":"neorg_US","@id":"https:\/\/radarprocess.com\/#\/schema\/person\/765ef37ac377a8fa32ec58773e099de3"},"headline":"Radar Process participa na confer\u00eancia CIPI a 9 de novembro","datePublished":"2021-09-10T11:41:48+00:00","mainEntityOfPage":{"@id":"https:\/\/radarprocess.com\/pt-pt\/radar-process-participa-na-conferencia-cipi-a-9-de-novembro\/"},"wordCount":58,"commentCount":0,"publisher":{"@id":"https:\/\/radarprocess.com\/#organization"},"image":{"@id":"https:\/\/radarprocess.com\/pt-pt\/radar-process-participa-na-conferencia-cipi-a-9-de-novembro\/#primaryimage"},"thumbnailUrl":"https:\/\/radarprocess.com\/wp-content\/uploads\/2021\/11\/bg_web.jpg","inLanguage":"pt-PT","potentialAction":[{"@type":"CommentAction","name":"Comment","target":["https:\/\/radarprocess.com\/pt-pt\/radar-process-participa-na-conferencia-cipi-a-9-de-novembro\/#respond"]}]},{"@type":"WebPage","@id":"https:\/\/radarprocess.com\/pt-pt\/radar-process-participa-na-conferencia-cipi-a-9-de-novembro\/","url":"https:\/\/radarprocess.com\/pt-pt\/radar-process-participa-na-conferencia-cipi-a-9-de-novembro\/","name":"Radar Process participa na confer\u00eancia CIPI a 9 de novembro | Processo de radar% Processo de radar | Processo de radar%","isPartOf":{"@id":"https:\/\/radarprocess.com\/#website"},"primaryImageOfPage":{"@id":"https:\/\/radarprocess.com\/pt-pt\/radar-process-participa-na-conferencia-cipi-a-9-de-novembro\/#primaryimage"},"image":{"@id":"https:\/\/radarprocess.com\/pt-pt\/radar-process-participa-na-conferencia-cipi-a-9-de-novembro\/#primaryimage"},"thumbnailUrl":"https:\/\/radarprocess.com\/wp-content\/uploads\/2021\/11\/bg_web.jpg","datePublished":"2021-09-10T11:41:48+00:00","description":"A Radar Process colabora na palestra sobre \"Instala\u00e7\u00f5es e equipamentos seguros para o processamento de s\u00f3lidos explosivos\".","breadcrumb":{"@id":"https:\/\/radarprocess.com\/pt-pt\/radar-process-participa-na-conferencia-cipi-a-9-de-novembro\/#breadcrumb"},"inLanguage":"pt-PT","potentialAction":[{"@type":"ReadAction","target":["https:\/\/radarprocess.com\/pt-pt\/radar-process-participa-na-conferencia-cipi-a-9-de-novembro\/"]}]},{"@type":"ImageObject","inLanguage":"pt-PT","@id":"https:\/\/radarprocess.com\/pt-pt\/radar-process-participa-na-conferencia-cipi-a-9-de-novembro\/#primaryimage","url":"https:\/\/radarprocess.com\/wp-content\/uploads\/2021\/11\/bg_web.jpg","contentUrl":"https:\/\/radarprocess.com\/wp-content\/uploads\/2021\/11\/bg_web.jpg","width":1920,"height":1080,"caption":"maquinaria industrial"},{"@type":"BreadcrumbList","@id":"https:\/\/radarprocess.com\/pt-pt\/radar-process-participa-na-conferencia-cipi-a-9-de-novembro\/#breadcrumb","itemListElement":[{"@type":"ListItem","position":1,"name":"P\u00e1gina inicial","item":"https:\/\/radarprocess.com\/pt-pt\/casa\/"},{"@type":"ListItem","position":2,"name":"Radar Process participa na confer\u00eancia CIPI a 9 de novembro"}]},{"@type":"WebSite","@id":"https:\/\/radarprocess.com\/#website","url":"https:\/\/radarprocess.com\/","name":"Processo de radar","description":"Transporte pneum\u00e1tico, dosagem de s\u00f3lidos e silos de armazenamento","publisher":{"@id":"https:\/\/radarprocess.com\/#organization"},"alternateName":"Radar Process","potentialAction":[{"@type":"SearchAction","target":{"@type":"EntryPoint","urlTemplate":"https:\/\/radarprocess.com\/?s={search_term_string}"},"query-input":{"@type":"PropertyValueSpecification","valueRequired":true,"valueName":"search_term_string"}}],"inLanguage":"pt-PT"},{"@type":"Organization","@id":"https:\/\/radarprocess.com\/#organization","name":"Processo de radar","alternateName":"Processo de radar","url":"https:\/\/radarprocess.com\/","logo":{"@type":"ImageObject","inLanguage":"pt-PT","@id":"https:\/\/radarprocess.com\/#\/schema\/logo\/image\/","url":"https:\/\/radarprocess.com\/wp-content\/uploads\/2021\/11\/logo-1.jpg","contentUrl":"https:\/\/radarprocess.com\/wp-content\/uploads\/2021\/11\/logo-1.jpg","width":330,"height":96,"caption":"Processo de radar"},"image":{"@id":"https:\/\/radarprocess.com\/#\/schema\/logo\/image\/"},"sameAs":["https:\/\/www.linkedin.com\/company\/radar-process-sl\/"]},{"@type":"Person","@id":"https:\/\/radarprocess.com\/#\/schema\/person\/765ef37ac377a8fa32ec58773e099de3","name":"neorg_US","image":{"@type":"ImageObject","inLanguage":"pt-PT","@id":"https:\/\/radarprocess.com\/#\/schema\/person\/image\/","url":"https:\/\/secure.gravatar.com\/avatar\/b63926e9b9d0dcf698d6148e42ad55d32fd25573ca6e03571bddf984706f7428?s=96&d=mm&r=g","contentUrl":"https:\/\/secure.gravatar.com\/avatar\/b63926e9b9d0dcf698d6148e42ad55d32fd25573ca6e03571bddf984706f7428?s=96&d=mm&r=g","caption":"neorg_US"},"sameAs":["https:\/\/radarprocess.com\/"]}]}},"_links":{"self":[{"href":"https:\/\/radarprocess.com\/pt-pt\/wp-json\/wp\/v2\/posts\/5217","targetHints":{"allow":["GET"]}}],"collection":[{"href":"https:\/\/radarprocess.com\/pt-pt\/wp-json\/wp\/v2\/posts"}],"about":[{"href":"https:\/\/radarprocess.com\/pt-pt\/wp-json\/wp\/v2\/types\/post"}],"author":[{"embeddable":true,"href":"https:\/\/radarprocess.com\/pt-pt\/wp-json\/wp\/v2\/users\/1"}],"replies":[{"embeddable":true,"href":"https:\/\/radarprocess.com\/pt-pt\/wp-json\/wp\/v2\/comments?post=5217"}],"version-history":[{"count":0,"href":"https:\/\/radarprocess.com\/pt-pt\/wp-json\/wp\/v2\/posts\/5217\/revisions"}],"wp:featuredmedia":[{"embeddable":true,"href":"https:\/\/radarprocess.com\/pt-pt\/wp-json\/wp\/v2\/media\/5218"}],"wp:attachment":[{"href":"https:\/\/radarprocess.com\/pt-pt\/wp-json\/wp\/v2\/media?parent=5217"}],"wp:term":[{"taxonomy":"category","embeddable":true,"href":"https:\/\/radarprocess.com\/pt-pt\/wp-json\/wp\/v2\/categories?post=5217"},{"taxonomy":"post_tag","embeddable":true,"href":"https:\/\/radarprocess.com\/pt-pt\/wp-json\/wp\/v2\/tags?post=5217"}],"curies":[{"name":"wp","href":"https:\/\/api.w.org\/{rel}","templated":true}]}}