{"id":5220,"date":"2023-03-09T15:54:30","date_gmt":"2023-03-09T14:54:30","guid":{"rendered":"https:\/\/radarprocess.com\/esperamos-ver-te-na-interpack-2023\/"},"modified":"2023-03-09T15:54:30","modified_gmt":"2023-03-09T14:54:30","slug":"esperamos-ver-te-na-interpack-2023","status":"publish","type":"post","link":"https:\/\/radarprocess.com\/pt-pt\/esperamos-ver-te-na-interpack-2023\/","title":{"rendered":"Esperamos ver-te na Interpack 2023!"},"content":{"rendered":"<p>Exposi\u00e7\u00e3o Internacional de Processamento e Embalagem<\/p>\n<p>De 4 a 10 de maio de 2023<\/p>\n<p>D\u00fcsseldorf. Alemanha <\/p>\n<p>Devido \u00e0 situa\u00e7\u00e3o extraordin\u00e1ria causada pela Covid-19, a edi\u00e7\u00e3o de 2021 da Interpack foi cancelada, passando diretamente para a edi\u00e7\u00e3o de 2023. De 4 a 10 de maio de 2023, a nova edi\u00e7\u00e3o da mais importante feira internacional de processamento e embalagem do mundo, a Interpack, ter\u00e1 lugar em D\u00fcsseldorf, na Alemanha. <\/p>\n<p>\u00c0 semelhan\u00e7a das edi\u00e7\u00f5es anteriores, a Radar Process estar\u00e1 presente como expositor e contar\u00e1 com um stand de 91 m2 onde exibiremos como amostra das nossas solu\u00e7\u00f5es para a manipula\u00e7\u00e3o de ingredientes um equipamento de doseamento automatizado de microingredientes adaptado aos novos tempos da Ind\u00fastria 4.0.<\/p>\n<p>Como de costume, aproveitaremos a oportunidade para saudar os nossos clientes e acolher todos os profissionais do sector interessados nas nossas solu\u00e7\u00f5es.<\/p>\n<p>O nosso espa\u00e7o estar\u00e1 localizado no pavilh\u00e3o 1, stand B86.<\/p>\n<p>Estamos ansiosos por conhecer-te pessoalmente na Interpack 2023. Estamos ansiosos por te ver! <\/p>\n","protected":false},"excerpt":{"rendered":"<p>Exposi\u00e7\u00e3o Internacional de Processamento e Embalagem De 4 a 10 de maio de 2023 D\u00fcsseldorf. Alemanha Devido \u00e0 situa\u00e7\u00e3o extraordin\u00e1ria causada pela Covid-19, a edi\u00e7\u00e3o de 2021 da Interpack foi cancelada, passando diretamente para a edi\u00e7\u00e3o de 2023. De 4 a 10 de maio de 2023, a nova edi\u00e7\u00e3o da mais importante feira internacional de&hellip;&nbsp;<a href=\"https:\/\/radarprocess.com\/pt-pt\/esperamos-ver-te-na-interpack-2023\/\" rel=\"bookmark\"><span class=\"screen-reader-text\">Esperamos ver-te na Interpack 2023!<\/span><\/a><\/p>\n","protected":false},"author":1,"featured_media":5222,"comment_status":"open","ping_status":"open","sticky":false,"template":"","format":"standard","meta":{"_acf_changed":false,"neve_meta_sidebar":"","neve_meta_container":"","neve_meta_enable_content_width":"off","neve_meta_content_width":70,"neve_meta_title_alignment":"","neve_meta_author_avatar":"","neve_post_elements_order":"","neve_meta_disable_header":"","neve_meta_disable_footer":"","neve_meta_disable_title":"","footnotes":""},"categories":[31],"tags":[],"class_list":["post-5220","post","type-post","status-publish","format-standard","has-post-thumbnail","hentry","category-sem-categoria"],"acf":[],"yoast_head":"<!-- This site is optimized with the Yoast SEO plugin v26.9 - https:\/\/yoast.com\/product\/yoast-seo-wordpress\/ -->\n<title>Esperamos ver-te na Interpack 2023! | Processo de radar% Processo de radar | Processo de radar%<\/title>\n<meta name=\"description\" content=\"A Radar Process estar\u00e1 presente como expositor e apresentar\u00e1 as suas solu\u00e7\u00f5es de manuseamento de ingredientes.\" \/>\n<meta name=\"robots\" content=\"index, follow, max-snippet:-1, max-image-preview:large, max-video-preview:-1\" \/>\n<link rel=\"canonical\" href=\"https:\/\/radarprocess.com\/pt-pt\/esperamos-ver-te-na-interpack-2023\/\" \/>\n<meta property=\"og:locale\" content=\"pt_PT\" \/>\n<meta property=\"og:type\" content=\"article\" \/>\n<meta property=\"og:title\" content=\"Esperamos ver-te na Interpack 2023! | Processo de radar% Processo de radar | Processo de radar%\" \/>\n<meta property=\"og:description\" content=\"A Radar Process estar\u00e1 presente como expositor e apresentar\u00e1 as suas solu\u00e7\u00f5es de manuseamento de ingredientes.\" \/>\n<meta property=\"og:url\" content=\"https:\/\/radarprocess.com\/pt-pt\/esperamos-ver-te-na-interpack-2023\/\" \/>\n<meta property=\"og:site_name\" content=\"Processo de radar\" \/>\n<meta property=\"article:published_time\" content=\"2023-03-09T14:54:30+00:00\" \/>\n<meta property=\"og:image\" content=\"https:\/\/radarprocess.com\/wp-content\/uploads\/2022\/04\/Interpack-2023-nueva-fecha-TF.jpg\" \/>\n\t<meta property=\"og:image:width\" content=\"784\" \/>\n\t<meta property=\"og:image:height\" content=\"413\" \/>\n\t<meta property=\"og:image:type\" content=\"image\/jpeg\" \/>\n<meta name=\"author\" content=\"neorg_US\" \/>\n<meta name=\"twitter:card\" content=\"summary_large_image\" \/>\n<meta name=\"twitter:label1\" content=\"Escrito por\" \/>\n\t<meta name=\"twitter:data1\" content=\"neorg_US\" \/>\n\t<meta name=\"twitter:label2\" content=\"Tempo estimado de leitura\" \/>\n\t<meta name=\"twitter:data2\" content=\"1 minuto\" \/>\n<script type=\"application\/ld+json\" class=\"yoast-schema-graph\">{\"@context\":\"https:\/\/schema.org\",\"@graph\":[{\"@type\":\"Article\",\"@id\":\"https:\/\/radarprocess.com\/pt-pt\/esperamos-ver-te-na-interpack-2023\/#article\",\"isPartOf\":{\"@id\":\"https:\/\/radarprocess.com\/pt-pt\/esperamos-ver-te-na-interpack-2023\/\"},\"author\":{\"name\":\"neorg_US\",\"@id\":\"https:\/\/radarprocess.com\/#\/schema\/person\/765ef37ac377a8fa32ec58773e099de3\"},\"headline\":\"Esperamos ver-te na Interpack 2023!\",\"datePublished\":\"2023-03-09T14:54:30+00:00\",\"mainEntityOfPage\":{\"@id\":\"https:\/\/radarprocess.com\/pt-pt\/esperamos-ver-te-na-interpack-2023\/\"},\"wordCount\":165,\"commentCount\":0,\"publisher\":{\"@id\":\"https:\/\/radarprocess.com\/#organization\"},\"image\":{\"@id\":\"https:\/\/radarprocess.com\/pt-pt\/esperamos-ver-te-na-interpack-2023\/#primaryimage\"},\"thumbnailUrl\":\"https:\/\/radarprocess.com\/wp-content\/uploads\/2022\/04\/Interpack-2023-nueva-fecha-TF.jpg\",\"inLanguage\":\"pt-PT\",\"potentialAction\":[{\"@type\":\"CommentAction\",\"name\":\"Comment\",\"target\":[\"https:\/\/radarprocess.com\/pt-pt\/esperamos-ver-te-na-interpack-2023\/#respond\"]}]},{\"@type\":\"WebPage\",\"@id\":\"https:\/\/radarprocess.com\/pt-pt\/esperamos-ver-te-na-interpack-2023\/\",\"url\":\"https:\/\/radarprocess.com\/pt-pt\/esperamos-ver-te-na-interpack-2023\/\",\"name\":\"Esperamos ver-te na Interpack 2023! | Processo de radar% Processo de radar | Processo de radar%\",\"isPartOf\":{\"@id\":\"https:\/\/radarprocess.com\/#website\"},\"primaryImageOfPage\":{\"@id\":\"https:\/\/radarprocess.com\/pt-pt\/esperamos-ver-te-na-interpack-2023\/#primaryimage\"},\"image\":{\"@id\":\"https:\/\/radarprocess.com\/pt-pt\/esperamos-ver-te-na-interpack-2023\/#primaryimage\"},\"thumbnailUrl\":\"https:\/\/radarprocess.com\/wp-content\/uploads\/2022\/04\/Interpack-2023-nueva-fecha-TF.jpg\",\"datePublished\":\"2023-03-09T14:54:30+00:00\",\"description\":\"A Radar Process estar\u00e1 presente como expositor e apresentar\u00e1 as suas solu\u00e7\u00f5es de manuseamento de ingredientes.\",\"breadcrumb\":{\"@id\":\"https:\/\/radarprocess.com\/pt-pt\/esperamos-ver-te-na-interpack-2023\/#breadcrumb\"},\"inLanguage\":\"pt-PT\",\"potentialAction\":[{\"@type\":\"ReadAction\",\"target\":[\"https:\/\/radarprocess.com\/pt-pt\/esperamos-ver-te-na-interpack-2023\/\"]}]},{\"@type\":\"ImageObject\",\"inLanguage\":\"pt-PT\",\"@id\":\"https:\/\/radarprocess.com\/pt-pt\/esperamos-ver-te-na-interpack-2023\/#primaryimage\",\"url\":\"https:\/\/radarprocess.com\/wp-content\/uploads\/2022\/04\/Interpack-2023-nueva-fecha-TF.jpg\",\"contentUrl\":\"https:\/\/radarprocess.com\/wp-content\/uploads\/2022\/04\/Interpack-2023-nueva-fecha-TF.jpg\",\"width\":784,\"height\":413,\"caption\":\"Interpack 2023\"},{\"@type\":\"BreadcrumbList\",\"@id\":\"https:\/\/radarprocess.com\/pt-pt\/esperamos-ver-te-na-interpack-2023\/#breadcrumb\",\"itemListElement\":[{\"@type\":\"ListItem\",\"position\":1,\"name\":\"P\u00e1gina inicial\",\"item\":\"https:\/\/radarprocess.com\/pt-pt\/casa\/\"},{\"@type\":\"ListItem\",\"position\":2,\"name\":\"Esperamos ver-te na Interpack 2023!\"}]},{\"@type\":\"WebSite\",\"@id\":\"https:\/\/radarprocess.com\/#website\",\"url\":\"https:\/\/radarprocess.com\/\",\"name\":\"Processo de radar\",\"description\":\"Transporte pneum\u00e1tico, dosagem de s\u00f3lidos e silos de armazenamento\",\"publisher\":{\"@id\":\"https:\/\/radarprocess.com\/#organization\"},\"alternateName\":\"Radar Process\",\"potentialAction\":[{\"@type\":\"SearchAction\",\"target\":{\"@type\":\"EntryPoint\",\"urlTemplate\":\"https:\/\/radarprocess.com\/?s={search_term_string}\"},\"query-input\":{\"@type\":\"PropertyValueSpecification\",\"valueRequired\":true,\"valueName\":\"search_term_string\"}}],\"inLanguage\":\"pt-PT\"},{\"@type\":\"Organization\",\"@id\":\"https:\/\/radarprocess.com\/#organization\",\"name\":\"Processo de radar\",\"alternateName\":\"Processo de radar\",\"url\":\"https:\/\/radarprocess.com\/\",\"logo\":{\"@type\":\"ImageObject\",\"inLanguage\":\"pt-PT\",\"@id\":\"https:\/\/radarprocess.com\/#\/schema\/logo\/image\/\",\"url\":\"https:\/\/radarprocess.com\/wp-content\/uploads\/2021\/11\/logo-1.jpg\",\"contentUrl\":\"https:\/\/radarprocess.com\/wp-content\/uploads\/2021\/11\/logo-1.jpg\",\"width\":330,\"height\":96,\"caption\":\"Processo de radar\"},\"image\":{\"@id\":\"https:\/\/radarprocess.com\/#\/schema\/logo\/image\/\"},\"sameAs\":[\"https:\/\/www.linkedin.com\/company\/radar-process-sl\/\"]},{\"@type\":\"Person\",\"@id\":\"https:\/\/radarprocess.com\/#\/schema\/person\/765ef37ac377a8fa32ec58773e099de3\",\"name\":\"neorg_US\",\"image\":{\"@type\":\"ImageObject\",\"inLanguage\":\"pt-PT\",\"@id\":\"https:\/\/radarprocess.com\/#\/schema\/person\/image\/\",\"url\":\"https:\/\/secure.gravatar.com\/avatar\/b63926e9b9d0dcf698d6148e42ad55d32fd25573ca6e03571bddf984706f7428?s=96&d=mm&r=g\",\"contentUrl\":\"https:\/\/secure.gravatar.com\/avatar\/b63926e9b9d0dcf698d6148e42ad55d32fd25573ca6e03571bddf984706f7428?s=96&d=mm&r=g\",\"caption\":\"neorg_US\"},\"sameAs\":[\"https:\/\/radarprocess.com\/\"]}]}<\/script>\n<!-- \/ Yoast SEO plugin. -->","yoast_head_json":{"title":"Esperamos ver-te na Interpack 2023! | Processo de radar% Processo de radar | Processo de radar%","description":"A Radar Process estar\u00e1 presente como expositor e apresentar\u00e1 as suas solu\u00e7\u00f5es de manuseamento de ingredientes.","robots":{"index":"index","follow":"follow","max-snippet":"max-snippet:-1","max-image-preview":"max-image-preview:large","max-video-preview":"max-video-preview:-1"},"canonical":"https:\/\/radarprocess.com\/pt-pt\/esperamos-ver-te-na-interpack-2023\/","og_locale":"pt_PT","og_type":"article","og_title":"Esperamos ver-te na Interpack 2023! | Processo de radar% Processo de radar | Processo de radar%","og_description":"A Radar Process estar\u00e1 presente como expositor e apresentar\u00e1 as suas solu\u00e7\u00f5es de manuseamento de ingredientes.","og_url":"https:\/\/radarprocess.com\/pt-pt\/esperamos-ver-te-na-interpack-2023\/","og_site_name":"Processo de radar","article_published_time":"2023-03-09T14:54:30+00:00","og_image":[{"width":784,"height":413,"url":"https:\/\/radarprocess.com\/wp-content\/uploads\/2022\/04\/Interpack-2023-nueva-fecha-TF.jpg","type":"image\/jpeg"}],"author":"neorg_US","twitter_card":"summary_large_image","twitter_misc":{"Escrito por":"neorg_US","Tempo estimado de leitura":"1 minuto"},"schema":{"@context":"https:\/\/schema.org","@graph":[{"@type":"Article","@id":"https:\/\/radarprocess.com\/pt-pt\/esperamos-ver-te-na-interpack-2023\/#article","isPartOf":{"@id":"https:\/\/radarprocess.com\/pt-pt\/esperamos-ver-te-na-interpack-2023\/"},"author":{"name":"neorg_US","@id":"https:\/\/radarprocess.com\/#\/schema\/person\/765ef37ac377a8fa32ec58773e099de3"},"headline":"Esperamos ver-te na Interpack 2023!","datePublished":"2023-03-09T14:54:30+00:00","mainEntityOfPage":{"@id":"https:\/\/radarprocess.com\/pt-pt\/esperamos-ver-te-na-interpack-2023\/"},"wordCount":165,"commentCount":0,"publisher":{"@id":"https:\/\/radarprocess.com\/#organization"},"image":{"@id":"https:\/\/radarprocess.com\/pt-pt\/esperamos-ver-te-na-interpack-2023\/#primaryimage"},"thumbnailUrl":"https:\/\/radarprocess.com\/wp-content\/uploads\/2022\/04\/Interpack-2023-nueva-fecha-TF.jpg","inLanguage":"pt-PT","potentialAction":[{"@type":"CommentAction","name":"Comment","target":["https:\/\/radarprocess.com\/pt-pt\/esperamos-ver-te-na-interpack-2023\/#respond"]}]},{"@type":"WebPage","@id":"https:\/\/radarprocess.com\/pt-pt\/esperamos-ver-te-na-interpack-2023\/","url":"https:\/\/radarprocess.com\/pt-pt\/esperamos-ver-te-na-interpack-2023\/","name":"Esperamos ver-te na Interpack 2023! | Processo de radar% Processo de radar | Processo de radar%","isPartOf":{"@id":"https:\/\/radarprocess.com\/#website"},"primaryImageOfPage":{"@id":"https:\/\/radarprocess.com\/pt-pt\/esperamos-ver-te-na-interpack-2023\/#primaryimage"},"image":{"@id":"https:\/\/radarprocess.com\/pt-pt\/esperamos-ver-te-na-interpack-2023\/#primaryimage"},"thumbnailUrl":"https:\/\/radarprocess.com\/wp-content\/uploads\/2022\/04\/Interpack-2023-nueva-fecha-TF.jpg","datePublished":"2023-03-09T14:54:30+00:00","description":"A Radar Process estar\u00e1 presente como expositor e apresentar\u00e1 as suas solu\u00e7\u00f5es de manuseamento de ingredientes.","breadcrumb":{"@id":"https:\/\/radarprocess.com\/pt-pt\/esperamos-ver-te-na-interpack-2023\/#breadcrumb"},"inLanguage":"pt-PT","potentialAction":[{"@type":"ReadAction","target":["https:\/\/radarprocess.com\/pt-pt\/esperamos-ver-te-na-interpack-2023\/"]}]},{"@type":"ImageObject","inLanguage":"pt-PT","@id":"https:\/\/radarprocess.com\/pt-pt\/esperamos-ver-te-na-interpack-2023\/#primaryimage","url":"https:\/\/radarprocess.com\/wp-content\/uploads\/2022\/04\/Interpack-2023-nueva-fecha-TF.jpg","contentUrl":"https:\/\/radarprocess.com\/wp-content\/uploads\/2022\/04\/Interpack-2023-nueva-fecha-TF.jpg","width":784,"height":413,"caption":"Interpack 2023"},{"@type":"BreadcrumbList","@id":"https:\/\/radarprocess.com\/pt-pt\/esperamos-ver-te-na-interpack-2023\/#breadcrumb","itemListElement":[{"@type":"ListItem","position":1,"name":"P\u00e1gina inicial","item":"https:\/\/radarprocess.com\/pt-pt\/casa\/"},{"@type":"ListItem","position":2,"name":"Esperamos ver-te na Interpack 2023!"}]},{"@type":"WebSite","@id":"https:\/\/radarprocess.com\/#website","url":"https:\/\/radarprocess.com\/","name":"Processo de radar","description":"Transporte pneum\u00e1tico, dosagem de s\u00f3lidos e silos de armazenamento","publisher":{"@id":"https:\/\/radarprocess.com\/#organization"},"alternateName":"Radar Process","potentialAction":[{"@type":"SearchAction","target":{"@type":"EntryPoint","urlTemplate":"https:\/\/radarprocess.com\/?s={search_term_string}"},"query-input":{"@type":"PropertyValueSpecification","valueRequired":true,"valueName":"search_term_string"}}],"inLanguage":"pt-PT"},{"@type":"Organization","@id":"https:\/\/radarprocess.com\/#organization","name":"Processo de radar","alternateName":"Processo de radar","url":"https:\/\/radarprocess.com\/","logo":{"@type":"ImageObject","inLanguage":"pt-PT","@id":"https:\/\/radarprocess.com\/#\/schema\/logo\/image\/","url":"https:\/\/radarprocess.com\/wp-content\/uploads\/2021\/11\/logo-1.jpg","contentUrl":"https:\/\/radarprocess.com\/wp-content\/uploads\/2021\/11\/logo-1.jpg","width":330,"height":96,"caption":"Processo de radar"},"image":{"@id":"https:\/\/radarprocess.com\/#\/schema\/logo\/image\/"},"sameAs":["https:\/\/www.linkedin.com\/company\/radar-process-sl\/"]},{"@type":"Person","@id":"https:\/\/radarprocess.com\/#\/schema\/person\/765ef37ac377a8fa32ec58773e099de3","name":"neorg_US","image":{"@type":"ImageObject","inLanguage":"pt-PT","@id":"https:\/\/radarprocess.com\/#\/schema\/person\/image\/","url":"https:\/\/secure.gravatar.com\/avatar\/b63926e9b9d0dcf698d6148e42ad55d32fd25573ca6e03571bddf984706f7428?s=96&d=mm&r=g","contentUrl":"https:\/\/secure.gravatar.com\/avatar\/b63926e9b9d0dcf698d6148e42ad55d32fd25573ca6e03571bddf984706f7428?s=96&d=mm&r=g","caption":"neorg_US"},"sameAs":["https:\/\/radarprocess.com\/"]}]}},"_links":{"self":[{"href":"https:\/\/radarprocess.com\/pt-pt\/wp-json\/wp\/v2\/posts\/5220","targetHints":{"allow":["GET"]}}],"collection":[{"href":"https:\/\/radarprocess.com\/pt-pt\/wp-json\/wp\/v2\/posts"}],"about":[{"href":"https:\/\/radarprocess.com\/pt-pt\/wp-json\/wp\/v2\/types\/post"}],"author":[{"embeddable":true,"href":"https:\/\/radarprocess.com\/pt-pt\/wp-json\/wp\/v2\/users\/1"}],"replies":[{"embeddable":true,"href":"https:\/\/radarprocess.com\/pt-pt\/wp-json\/wp\/v2\/comments?post=5220"}],"version-history":[{"count":0,"href":"https:\/\/radarprocess.com\/pt-pt\/wp-json\/wp\/v2\/posts\/5220\/revisions"}],"wp:featuredmedia":[{"embeddable":true,"href":"https:\/\/radarprocess.com\/pt-pt\/wp-json\/wp\/v2\/media\/5222"}],"wp:attachment":[{"href":"https:\/\/radarprocess.com\/pt-pt\/wp-json\/wp\/v2\/media?parent=5220"}],"wp:term":[{"taxonomy":"category","embeddable":true,"href":"https:\/\/radarprocess.com\/pt-pt\/wp-json\/wp\/v2\/categories?post=5220"},{"taxonomy":"post_tag","embeddable":true,"href":"https:\/\/radarprocess.com\/pt-pt\/wp-json\/wp\/v2\/tags?post=5220"}],"curies":[{"name":"wp","href":"https:\/\/api.w.org\/{rel}","templated":true}]}}